{"id":9825,"date":"2020-03-17T06:10:54","date_gmt":"2020-03-17T06:10:54","guid":{"rendered":"http:\/\/saludsinaloa.gob.mx\/?p=9825"},"modified":"2020-03-19T20:03:19","modified_gmt":"2020-03-19T20:03:19","slug":"la-union-de-todos-sera-la-mayor-fuerza-en-prevencion-dr-efren-encinas-torres-17-de-marzo-del-2020","status":"publish","type":"post","link":"https:\/\/saludsinaloa.gob.mx\/index.php\/2020\/03\/17\/la-union-de-todos-sera-la-mayor-fuerza-en-prevencion-dr-efren-encinas-torres-17-de-marzo-del-2020\/","title":{"rendered":"&#8220;LA UNI\u00d3N DE TODOS SER\u00c1 LA MAYOR FUERZA EN PREVENCI\u00d3N&#8221; ; DR. EFR\u00c9N ENCINAS TORRES. 17 de marzo del 2020"},"content":{"rendered":"<p><a href=\"http:\/\/saludsinaloa.gob.mx\/wp-content\/uploads\/2017\/boletines\/17-03-2020  LA UNION DE TODOS SERA LA MAYOR FUERZA EN PREVENCION.pdf\">Descargar<\/a><\/p>\n<p><strong>&#8220;LA UNI\u00d3N DE TODOS SER\u00c1 LA MAYOR FUERZA EN PREVENCI\u00d3N&#8221; ; DR. EFR\u00c9N ENCINAS TORRES<\/strong><\/p>\n<p>&nbsp;<\/p>\n<p><strong><em>*Comit\u00e9 Estatal para la Seguridad en Salud, realiza quinta sesi\u00f3n extraordinaria para definir\u00a0 acuerdos y compromisos ante COVID-19<\/em><\/strong><\/p>\n<p><strong>Culiac\u00e1n, Sinaloa, 17 de marzo del 2020<\/strong>; Secretar\u00eda de Salud, IMSS, ISSSTE, Cruz Roja, Directivos de todos los hospitales p\u00fablicos y privados, Jurisdicciones Sanitarias de todo el estado, COEPRIS, SEDENA, SEMAR, CONAGUA, Protecci\u00f3n Civil, SEPyC y el \u00e1rea de epidemiolog\u00eda de la SS, establecen quinta sesi\u00f3n extraordinaria del Comit\u00e9 Estatal para la Seguridad en Salud, donde se refuerzan compromisos y establecen nuevos acuerdos para contener y mitigar el Coronavirus declarado como pandemia por la OMS.<\/p>\n<p>El Dr. Efr\u00e9n Encinas Torres, reiter\u00f3 que en este momento Sinaloa se encuentra en el escenario 1, donde se deber\u00e1 de trabajar de manera muy coordinada en acciones de prevenci\u00f3n, detecci\u00f3n y diagn\u00f3stico oportuno en casos sospechosos para evitar contagios entre la poblaci\u00f3n.<\/p>\n<p>&#8220;Necesitamos de todos, en ese sentido la Secretar\u00eda de Salud asume con mucha responsabilidad el mando, los modelos matem\u00e1ticos hablan que ser\u00e1 cuesti\u00f3n de d\u00edas en tener el escenario dos, decimos ojal\u00e1 y se equivoquen, pero parece que los matem\u00e1ticos tienen mucha certeza&#8221;, advirti\u00f3.<\/p>\n<p>Se estableci\u00f3 la actualizaci\u00f3n de planes y procedimientos ante la emergencia sanitaria por COVID-19, entre ellos resaltan los siguientes;<\/p>\n<p>Se establecieron filtros sanitarios en carreteras del sur y norte del estado, al igual que centrales de autobuses, aeropuertos y puertos, donde se encontrar\u00e1 personal m\u00e9dico sanitario las 24 horas para revisar de manera cl\u00ednica a los pasajeros.<\/p>\n<p>Como ya se anunci\u00f3, se pondr\u00e1 en marcha un programa de brigadas de atenci\u00f3n m\u00e9dica, que vendr\u00e1 a sustituir las Jornadas de Apoyo Puro Sinaloa.<\/p>\n<p>En las mismas, personal de la SS capacitado se desplazar\u00e1 a comunidades de los 18 municipios de martes a viernes, donde de manera simult\u00e1nea realizar\u00e1n sondeos casa por casa para la detecci\u00f3n oportuna de pacientes sospechosos, que en caso de presentar s\u00edntomas del mismo, pasaran a la unidad m\u00f3vil para su atenci\u00f3n y a la par, llevar la informaci\u00f3n necesaria de este padecimiento para que la poblaci\u00f3n este bien informada y pueda realizar el auto cuidado.<\/p>\n<p>Se estableci\u00f3 un call center para atender las 24 horas a la poblaci\u00f3n sinaloense, donde personal m\u00e9dico capacitado asistira v\u00eda telef\u00f3nica a pacientes para ofrecerles orientaci\u00f3n y esclarecer dudas respecto al COVID-19.<\/p>\n<p>Se realiz\u00f3 la capacitaci\u00f3n a todo el personal de la SS, por parte del \u00e1rea de epidemiolog\u00eda y bioseguridad.<\/p>\n<p>Asimismo, se llevar\u00e1 al cabo un programa de contingencia intrahospitalaria Estatal y Municipal en cada unidad m\u00e9dica.<\/p>\n<p>Cabe resaltar que todas las pruebas se realizan en el Laboratorio Estatal de Salud P\u00fablica, el cual se encuentra validado por el INDRE.<\/p>\n<p>El titular de la Salud en Sinaloa, reiter\u00f3 que en este momento es de vital importancia que se tome con alta responsabilidad el tema del nuevo virus tanto autoridades y poblaci\u00f3n.<\/p>\n<p>Por ello se insiste a la poblaci\u00f3n a estar debidamente informado en sitios oficiales, continuar con medidas b\u00e1sicas de higiene; lavado continuo de manos, evitar saludos de beso y abrazo, estornudo con antebrazo, utilizaci\u00f3n de gel antibacterial, evitar\u00a0 viajar en caso de no ser realmente necesario y no acudir a sitios aglomerados.<\/p>\n<p>&nbsp;<\/p>\n<p>&nbsp;<\/p>\n<p>Fuente: Departamento de Comunicaci\u00f3n Social a Marzo del 2020<br \/>\nElabor\u00f3: Departamento de Comunicaci\u00f3n Social<\/p>\n","protected":false},"excerpt":{"rendered":"<p>Descargar &#8220;LA UNI\u00d3N DE TODOS SER\u00c1 LA MAYOR FUERZA EN PREVENCI\u00d3N&#8221; ; DR. EFR\u00c9N ENCINAS TORRES &nbsp; *Comit\u00e9 Estatal para la Seguridad en Salud, realiza quinta sesi\u00f3n extraordinaria para definir\u00a0 acuerdos y compromisos ante COVID-19 Culiac\u00e1n, Sinaloa, 17 de marzo del 2020; Secretar\u00eda de Salud, IMSS, ISSSTE, Cruz Roja, Directivos de todos los hospitales p\u00fablicos [&hellip;]<\/p>\n","protected":false},"author":1,"featured_media":9826,"comment_status":"closed","ping_status":"open","sticky":false,"template":"","format":"standard","meta":{"footnotes":""},"categories":[4,3],"tags":[],"class_list":["post-9825","post","type-post","status-publish","format-standard","has-post-thumbnail","hentry","category-boletines-prensa","category-prensa"],"_links":{"self":[{"href":"https:\/\/saludsinaloa.gob.mx\/index.php\/wp-json\/wp\/v2\/posts\/9825","targetHints":{"allow":["GET"]}}],"collection":[{"href":"https:\/\/saludsinaloa.gob.mx\/index.php\/wp-json\/wp\/v2\/posts"}],"about":[{"href":"https:\/\/saludsinaloa.gob.mx\/index.php\/wp-json\/wp\/v2\/types\/post"}],"author":[{"embeddable":true,"href":"https:\/\/saludsinaloa.gob.mx\/index.php\/wp-json\/wp\/v2\/users\/1"}],"replies":[{"embeddable":true,"href":"https:\/\/saludsinaloa.gob.mx\/index.php\/wp-json\/wp\/v2\/comments?post=9825"}],"version-history":[{"count":1,"href":"https:\/\/saludsinaloa.gob.mx\/index.php\/wp-json\/wp\/v2\/posts\/9825\/revisions"}],"predecessor-version":[{"id":9827,"href":"https:\/\/saludsinaloa.gob.mx\/index.php\/wp-json\/wp\/v2\/posts\/9825\/revisions\/9827"}],"wp:featuredmedia":[{"embeddable":true,"href":"https:\/\/saludsinaloa.gob.mx\/index.php\/wp-json\/wp\/v2\/media\/9826"}],"wp:attachment":[{"href":"https:\/\/saludsinaloa.gob.mx\/index.php\/wp-json\/wp\/v2\/media?parent=9825"}],"wp:term":[{"taxonomy":"category","embeddable":true,"href":"https:\/\/saludsinaloa.gob.mx\/index.php\/wp-json\/wp\/v2\/categories?post=9825"},{"taxonomy":"post_tag","embeddable":true,"href":"https:\/\/saludsinaloa.gob.mx\/index.php\/wp-json\/wp\/v2\/tags?post=9825"}],"curies":[{"name":"wp","href":"https:\/\/api.w.org\/{rel}","templated":true}]}}