{"id":9784,"date":"2020-03-11T06:06:30","date_gmt":"2020-03-11T06:06:30","guid":{"rendered":"http:\/\/saludsinaloa.gob.mx\/?p=9784"},"modified":"2020-03-12T17:10:57","modified_gmt":"2020-03-12T17:10:57","slug":"no-bajar-la-guardia-ante-el-covid19-llama-la-secretaria-de-salud-11-de-marzo-del-2020","status":"publish","type":"post","link":"https:\/\/saludsinaloa.gob.mx\/index.php\/2020\/03\/11\/no-bajar-la-guardia-ante-el-covid19-llama-la-secretaria-de-salud-11-de-marzo-del-2020\/","title":{"rendered":"NO BAJAR LA GUARDIA ANTE EL COVID19, LLAMA LA SECRETAR\u00cdA DE SALUD. 11 de marzo del 2020"},"content":{"rendered":"<p><a href=\"http:\/\/saludsinaloa.gob.mx\/wp-content\/uploads\/2017\/boletines\/11-03-2020 NO BAJAR LA GUARDIA ANTE EL COVID19.pdf\">Descargar<\/a><\/p>\n<p>&nbsp;<\/p>\n<p><strong>NO BAJAR LA GUARDIA ANTE EL COVID19, LLAMA LA SECRETAR\u00cdA DE SALUD<\/strong><\/p>\n<p>&nbsp;<\/p>\n<p><strong><em>*Al dar de alta al \u00fanico paciente positivo en el estado, el Dr. Efren Encinas Torres exhort\u00f3 a poblaci\u00f3n a redoblar esfuerzos y continuar con medidas de prevenci\u00f3n, higiene y promoci\u00f3n para mantener a Sinaloa sano<\/em><\/strong><\/p>\n<p><strong>\u00a0<\/strong><strong>Culiac\u00e1n, Sinaloa, 11 de marzo del 2020<\/strong>.- El paciente que se manten\u00eda en aislamiento en un reconocido hotel de Culiac\u00e1n, por haber arrojado positivo a Coronavirus despu\u00e9s de una visita a Italia, fue dado de alta por la Secretar\u00eda de Salud de Sinaloa, inform\u00f3 el Dr. Efr\u00e9n Encinas Torres, titular de la Salud en el Estado, llamando a la poblaci\u00f3n a no bajar la guardia para evitar futuros contagios.<\/p>\n<p>El tambi\u00e9n Director General de los Servicios de Salud, detall\u00f3 que el paciente fue sometido las pruebas de control arrojando negativo a COVID-19, por lo que se le declar\u00f3 libre de la enfermedad sin posibilidad de contagio.<\/p>\n<p>\u201cPor fortuna la prueba \u00faltima que se hizo de control el d\u00eda de antier y de ayer fue negativa, lo cual nos dice que ya la persona est\u00e1 libre de la enfermedad, es decir est\u00e1 curada, pr\u00e1cticamente siempre se mantuvo asintom\u00e1tico y por fortuna el d\u00eda de hoy fue egresado con la normativa correspondiente, apoyado siempre bajo la coordinaci\u00f3n de la direcci\u00f3n de epidemiologia a nivel federal y del soporte del gobierno que preside el Gobernador Quirino Ordaz Coppel\u201d, inform\u00f3.<\/p>\n<p>En cuanto a las medidas de sanidad que deber\u00e1 de llevar la habitaci\u00f3n del hotel donde estuvo hospedado el paciente, indic\u00f3 que ya se hicieron medidas de saneamiento y en este caso se har\u00e1n limpiezas exhaustivas con tomas de cultivo pre y posterior a la maniobra de intervenci\u00f3n que implica hacer el lavado con t\u00e9cnicas de lavado que estar\u00e1 monitoreado por el equipo de la direcci\u00f3n de prevenci\u00f3n y COEPRIS en el hotel correspondiente, lo cual deber\u00e1 de quedar concluido en 72 horas.<\/p>\n<p>Aclar\u00f3 que, el hecho de que actualmente Sinaloa se encuentre libre de este virus, las autoridades y sociedad deben de trabajar de manera coordinada para redoblar esfuerzos y continuar con las medidas de prevenci\u00f3n y promoci\u00f3n de la salud, para con ello lograr mantener al estado lo m\u00e1s posible libre de COVID-19, por lo que llamo a la poblaci\u00f3n a que en caso de no ser realmente necesario viajar a las \u00e1reas de riesgo, es mejor no hacerlo y tomar con responsabilidad el tema.<\/p>\n<p>\u201cY recomendaciones a la poblaci\u00f3n, que si van a viajar si no es imperativo hacerlo y exponerse a \u00e1reas de riesgo, mejor no hacerlo, es mejor quedarse en casa no exponerse pues, yo creo que es una condici\u00f3n propia del ser humano que hay que tomar con mucha responsabilidad\u201d, recomend\u00f3.<\/p>\n<p>Agreg\u00f3 que se mantiene un estricto protocolo de revisi\u00f3n por parte de Salud Internacional, con personal de la Secretar\u00eda de Salud del Estado, en aeropuertos y puertos para la revisi\u00f3n exhaustiva de casos sospechosos.<\/p>\n<p>Asimismo, reiter\u00f3 que Secretar\u00eda de Salud, Protecci\u00f3n Civil, Migraci\u00f3n y Polic\u00eda Federal de Caminos, se mantienen atentos al tema de inmigrantes donde en el caso de tener un grupo inmigrante que transite por el estado, se aplican las medidas correspondientes para detectar y tratar casos sospechosos.<\/p>\n<p>Inform\u00f3 que en el estado se tiene la capacidad de realizar 200 pruebas para COVID-19, adem\u00e1s sostuvo que el Laboratorio Estatal de Salud cuenta con la certificaci\u00f3n y personal capacitado por la federaci\u00f3n, se encuentra validado por el INDRE para el diagn\u00f3stico de las mismas.<\/p>\n<p>En la conferencia de prensa tambi\u00e9n estuvieron presentes el Dr. V\u00edctor Hugo S\u00e1nchez Malof, Subsecretario de Atenci\u00f3n M\u00e9dica; Dr. Rafael F\u00e9lix Espinoza, Director de Prevenci\u00f3n y Promoci\u00f3n de la Salud y el Dr. Armando \u00c1ngulo Marentes, Secretario Particular.<\/p>\n<p>&nbsp;<\/p>\n<p>&nbsp;<\/p>\n<p>&nbsp;<\/p>\n<p>&nbsp;<\/p>\n<p>&nbsp;<\/p>\n<p>Fuente: Departamento de Comunicaci\u00f3n Social a Marzo del 2020<br \/>\nElabor\u00f3: Departamento de Comunicaci\u00f3n Social<\/p>\n","protected":false},"excerpt":{"rendered":"<p>Descargar &nbsp; NO BAJAR LA GUARDIA ANTE EL COVID19, LLAMA LA SECRETAR\u00cdA DE SALUD &nbsp; *Al dar de alta al \u00fanico paciente positivo en el estado, el Dr. Efren Encinas Torres exhort\u00f3 a poblaci\u00f3n a redoblar esfuerzos y continuar con medidas de prevenci\u00f3n, higiene y promoci\u00f3n para mantener a Sinaloa sano \u00a0Culiac\u00e1n, Sinaloa, 11 de [&hellip;]<\/p>\n","protected":false},"author":1,"featured_media":9785,"comment_status":"closed","ping_status":"open","sticky":false,"template":"","format":"standard","meta":{"footnotes":""},"categories":[4,3],"tags":[],"class_list":["post-9784","post","type-post","status-publish","format-standard","has-post-thumbnail","hentry","category-boletines-prensa","category-prensa"],"_links":{"self":[{"href":"https:\/\/saludsinaloa.gob.mx\/index.php\/wp-json\/wp\/v2\/posts\/9784","targetHints":{"allow":["GET"]}}],"collection":[{"href":"https:\/\/saludsinaloa.gob.mx\/index.php\/wp-json\/wp\/v2\/posts"}],"about":[{"href":"https:\/\/saludsinaloa.gob.mx\/index.php\/wp-json\/wp\/v2\/types\/post"}],"author":[{"embeddable":true,"href":"https:\/\/saludsinaloa.gob.mx\/index.php\/wp-json\/wp\/v2\/users\/1"}],"replies":[{"embeddable":true,"href":"https:\/\/saludsinaloa.gob.mx\/index.php\/wp-json\/wp\/v2\/comments?post=9784"}],"version-history":[{"count":2,"href":"https:\/\/saludsinaloa.gob.mx\/index.php\/wp-json\/wp\/v2\/posts\/9784\/revisions"}],"predecessor-version":[{"id":9796,"href":"https:\/\/saludsinaloa.gob.mx\/index.php\/wp-json\/wp\/v2\/posts\/9784\/revisions\/9796"}],"wp:featuredmedia":[{"embeddable":true,"href":"https:\/\/saludsinaloa.gob.mx\/index.php\/wp-json\/wp\/v2\/media\/9785"}],"wp:attachment":[{"href":"https:\/\/saludsinaloa.gob.mx\/index.php\/wp-json\/wp\/v2\/media?parent=9784"}],"wp:term":[{"taxonomy":"category","embeddable":true,"href":"https:\/\/saludsinaloa.gob.mx\/index.php\/wp-json\/wp\/v2\/categories?post=9784"},{"taxonomy":"post_tag","embeddable":true,"href":"https:\/\/saludsinaloa.gob.mx\/index.php\/wp-json\/wp\/v2\/tags?post=9784"}],"curies":[{"name":"wp","href":"https:\/\/api.w.org\/{rel}","templated":true}]}}