{"id":9723,"date":"2020-03-04T06:10:33","date_gmt":"2020-03-04T06:10:33","guid":{"rendered":"http:\/\/saludsinaloa.gob.mx\/?p=9723"},"modified":"2020-03-05T16:50:37","modified_gmt":"2020-03-05T16:50:37","slug":"ss-llama-a-cuidar-y-ser-consientes-sobre-los-habitos-alimenticios-04-de-marzo-del-2020","status":"publish","type":"post","link":"https:\/\/saludsinaloa.gob.mx\/index.php\/2020\/03\/04\/ss-llama-a-cuidar-y-ser-consientes-sobre-los-habitos-alimenticios-04-de-marzo-del-2020\/","title":{"rendered":"SS LLAMA A CUIDAR Y SER CONSIENTES SOBRE LOS H\u00c1BITOS ALIMENTICIOS. 04 de marzo del 2020"},"content":{"rendered":"<p><a href=\"http:\/\/saludsinaloa.gob.mx\/wp-content\/uploads\/2017\/boletines\/04-03-2020 SS LLAMA A CUIDAR Y SER CONSIENTES SOBRE LOS HABITOS ALIMENTICIOS.pdf\">Descargar<\/a><\/p>\n<p><strong>SS LLAMA A CUIDAR Y SER CONSIENTES SOBRE LOS H\u00c1BITOS ALIMENTICIOS<\/strong><\/p>\n<p>&nbsp;<\/p>\n<p><strong><em>*La obesidad es el primer paso para otras patolog\u00edas como hipertensi\u00f3n arterial, diabetes tipo II, \u00edndices elevados de colesterol y triglic\u00e9ridos, entre otras enfermedades<\/em><\/strong><\/p>\n<p><strong>\u00a0<\/strong><strong>Culiac\u00e1n, Sinaloa, 04 de marzo del 2020<\/strong>; La Organizaci\u00f3n Mundial de la Salud (OMS), ha establecido un nuevo d\u00eda para hablar de la obesidad cada \u201c04 de marzo\u201d, y M\u00e9xico se ha sumado para hacer conciencia de los da\u00f1os que conlleva esta enfermedad, inform\u00f3 la Dra. Perla Liz\u00e1rraga Rodr\u00edguez, Subdirectora de Promoci\u00f3n de la Salud.<\/p>\n<p>El especialista explic\u00f3 que, se entiende por obesidad una acumulaci\u00f3n anormal de grasa que puede acarrear otras enfermedades que son nocivas para el organismo.<\/p>\n<p>Asimismo, denot\u00f3 que la obesidad es el primer paso para otras patolog\u00edas como hipertensi\u00f3n arterial, diabetes tipo II, \u00edndices elevados de colesterol y triglic\u00e9ridos, problemas osteoarticulares, riesgo de padecer c\u00e1ncer, apnea del sue\u00f1o y problemas cardiovasculares.<\/p>\n<p>\u201cLa obesidad y sobre peso es un padecimiento que ocurre por lo generar por comer m\u00e1s de lo que nuestro cuerpo necesita y no realizar suficiente actividad f\u00edsica, se puede presentar en cualquier etapa de la vida, empezando desde los ni\u00f1os, j\u00f3venes adultos sin importar el sexo, cuando nuestro cuerpo cuando se come m\u00e1s de lo que necesitamos todo lo almacena y estos e va transformando e grasas que se van depositando en diferentes \u00e1reas de nuestro cuerpo, que a la larga nos hace engordar y nos hace cursar con alguna enfermedades\u201d, inform\u00f3.<\/p>\n<p>Indic\u00f3 que es de vital importancia que desde la infancia se generen h\u00e1bitos del buen comer y se concientice a las ni\u00f1as y ni\u00f1os sobre los da\u00f1os de la az\u00facar y alimentos grasosos, adem\u00e1s se les incluya en su dieta como bebidas agua natural, frutas y verduras y promover el plato del buen comer donde se incluye alimentos ricos en vitaminas, prote\u00ednas y minerales.<\/p>\n<p>Cabe se\u00f1alar que tambi\u00e9n cada 12 de noviembre se celebra en todo el mundo el D\u00eda Mundial contra la Obesidad, lo que busca concienciar a las personas sobre el terrible da\u00f1o que conlleva al organismo una dieta alta en grasa y az\u00facares.<\/p>\n<p>En ese sentido, inform\u00f3 que la Secretar\u00eda de Salud de Sinaloa reforzar\u00e1 las acciones para prevenir, tratar y detectar a tiempo la obesidad en la poblaci\u00f3n, a trav\u00e9s de pl\u00e1ticas en las unidades m\u00e9dicas, principalmente promoviendo los h\u00e1bitos del buen comer en centros de salud de Sinaloa.<\/p>\n<p>&nbsp;<\/p>\n<p>&nbsp;<\/p>\n<p>Fuente: Departamento de Comunicaci\u00f3n Social a Marzo del 2020<br \/>\nElabor\u00f3: Departamento de Comunicaci\u00f3n Social<\/p>\n","protected":false},"excerpt":{"rendered":"<p>Descargar SS LLAMA A CUIDAR Y SER CONSIENTES SOBRE LOS H\u00c1BITOS ALIMENTICIOS &nbsp; *La obesidad es el primer paso para otras patolog\u00edas como hipertensi\u00f3n arterial, diabetes tipo II, \u00edndices elevados de colesterol y triglic\u00e9ridos, entre otras enfermedades \u00a0Culiac\u00e1n, Sinaloa, 04 de marzo del 2020; La Organizaci\u00f3n Mundial de la Salud (OMS), ha establecido un nuevo [&hellip;]<\/p>\n","protected":false},"author":1,"featured_media":9724,"comment_status":"closed","ping_status":"open","sticky":false,"template":"","format":"standard","meta":{"footnotes":""},"categories":[4,3],"tags":[],"class_list":["post-9723","post","type-post","status-publish","format-standard","has-post-thumbnail","hentry","category-boletines-prensa","category-prensa"],"_links":{"self":[{"href":"https:\/\/saludsinaloa.gob.mx\/index.php\/wp-json\/wp\/v2\/posts\/9723","targetHints":{"allow":["GET"]}}],"collection":[{"href":"https:\/\/saludsinaloa.gob.mx\/index.php\/wp-json\/wp\/v2\/posts"}],"about":[{"href":"https:\/\/saludsinaloa.gob.mx\/index.php\/wp-json\/wp\/v2\/types\/post"}],"author":[{"embeddable":true,"href":"https:\/\/saludsinaloa.gob.mx\/index.php\/wp-json\/wp\/v2\/users\/1"}],"replies":[{"embeddable":true,"href":"https:\/\/saludsinaloa.gob.mx\/index.php\/wp-json\/wp\/v2\/comments?post=9723"}],"version-history":[{"count":1,"href":"https:\/\/saludsinaloa.gob.mx\/index.php\/wp-json\/wp\/v2\/posts\/9723\/revisions"}],"predecessor-version":[{"id":9725,"href":"https:\/\/saludsinaloa.gob.mx\/index.php\/wp-json\/wp\/v2\/posts\/9723\/revisions\/9725"}],"wp:featuredmedia":[{"embeddable":true,"href":"https:\/\/saludsinaloa.gob.mx\/index.php\/wp-json\/wp\/v2\/media\/9724"}],"wp:attachment":[{"href":"https:\/\/saludsinaloa.gob.mx\/index.php\/wp-json\/wp\/v2\/media?parent=9723"}],"wp:term":[{"taxonomy":"category","embeddable":true,"href":"https:\/\/saludsinaloa.gob.mx\/index.php\/wp-json\/wp\/v2\/categories?post=9723"},{"taxonomy":"post_tag","embeddable":true,"href":"https:\/\/saludsinaloa.gob.mx\/index.php\/wp-json\/wp\/v2\/tags?post=9723"}],"curies":[{"name":"wp","href":"https:\/\/api.w.org\/{rel}","templated":true}]}}