{"id":9682,"date":"2020-02-28T06:08:50","date_gmt":"2020-02-28T06:08:50","guid":{"rendered":"http:\/\/saludsinaloa.gob.mx\/?p=9682"},"modified":"2020-02-28T20:13:50","modified_gmt":"2020-02-28T20:13:50","slug":"primer-caso-de-covid-19-en-sinaloa-contenido-y-aislado-28-de-febrero-del-2020","status":"publish","type":"post","link":"https:\/\/saludsinaloa.gob.mx\/index.php\/2020\/02\/28\/primer-caso-de-covid-19-en-sinaloa-contenido-y-aislado-28-de-febrero-del-2020\/","title":{"rendered":"PRIMER CASO DE COVID-19 EN SINALOA, CONTENIDO Y AISLADO. 28 de febrero del 2020."},"content":{"rendered":"<p><a href=\"http:\/\/saludsinaloa.gob.mx\/wp-content\/uploads\/2017\/boletines\/28-02-2020 PRIMER CASO DE COVID-19 EN SINALOA, CONTENIDO Y AISLADO.pdf\">Descargar<\/a><\/p>\n<p>&nbsp;<\/p>\n<p><strong>PRIMER CASO DE COVID-19 EN SINALOA, CONTENIDO Y AISLADO<\/strong><\/p>\n<p>&nbsp;<\/p>\n<p><strong><em>* El Secretario de Salud, Dr. Efr\u00e9n Encinas Torres pide a la poblaci\u00f3n estar atenta a los comunicados oficiales y no caer en p\u00e1nico.<\/em><\/strong><\/p>\n<p><strong>* En Sinaloa estamos listos y preparados para atender estos casos, afirma.<\/strong><\/p>\n<p><strong>Culiac\u00e1n, Sinaloa, a 28 de febrero de 2020<\/strong>.- Gobierno de Sinaloa a trav\u00e9s de la Secretar\u00eda de Salud confirm\u00f3 del diagn\u00f3stico positivo de una persona del sexo masculino, de 41 a\u00f1os de edad, al COVID 19, en Culiac\u00e1n, por lo que de manera inmediata se han establecido los protocolos de contenci\u00f3n, aislamiento y vigilancia del paciente, en tanto se conocen los resultados de una segunda prueba enviada al centro del pa\u00eds, cuya respuesta se tendr\u00e1 alrededor de las 18:00 horas.<\/p>\n<p>As\u00ed lo expres\u00f3 el Secretario de Salud en Sinaloa, Dr. Efr\u00e9n Encinas Torres, al ofrecer una rueda de prensa para exponer la evoluci\u00f3n de este caso, al tiempo que pidi\u00f3 a la poblaci\u00f3n a evitar caer en p\u00e1nico y que, por el contrario, la ciudadan\u00eda est\u00e9 atenta a la informaci\u00f3n de fuentes oficiales de Salud.<\/p>\n<p>En ese sentido, inform\u00f3 que la Secretar\u00eda de Salud mantiene vigilancia de esta persona, as\u00ed como de su acompa\u00f1ante, quienes se encuentran aislados, de manera individual, en un hotel de Culiac\u00e1n, con las t\u00e9cnicas de seguimiento epidemiol\u00f3gico y aislamiento debido, dejando claro que \u201cen Sinaloa estamos preparados para la intervenci\u00f3n oportuna de as\u00ed requerirse\u201d.<\/p>\n<p>Reiter\u00f3 que en el caso del paciente se encuentra bien y estable; sin embargo, en caso de requerir alg\u00fan manejo hospitalario, ya se tiene la unidad m\u00e9dica correspondiente con el cuarto de aislamiento y evitar la transmisi\u00f3n del virus.<\/p>\n<p>Ya estamos ejerciendo, explic\u00f3, acciones espec\u00edficas como es sanidad internacional en las salas de los aeropuertos y tambi\u00e9n de los puertos que tenemos en Sinaloa, trabajando en conjunto con el \u00e1rea de migraci\u00f3n.<\/p>\n<p>El Dr. Efr\u00e9n Encinas insisti\u00f3 en su llamado a \u201ccuidarnos en general como poblaci\u00f3n, ejerciendo las medidas de prevenci\u00f3n, de promoci\u00f3n a la salud y de atenci\u00f3n m\u00e9dica correspondientes\u201d.<\/p>\n<p>Exhort\u00f3 a los sinaloenses a no entrar en p\u00e1nico ante este caso, ya que se mantiene estable y no presenta ninguna complicaci\u00f3n; de hecho, se mantiene una estrecha comunicaci\u00f3n con esta persona y se ha establecido el protocolo de vigilancia correspondiente para evitar una posible propagaci\u00f3n del virus.<\/p>\n<p>La persona que le acompa\u00f1aba, no presenta ninguna sintomatolog\u00eda, pero se mantiene en minuciosa observaci\u00f3n.<\/p>\n<p>Dentro de las medidas adoptadas para trabajar en la contenci\u00f3n, se ejerce un control de entradas y salidas con los cercos sanitarios y epidemiol\u00f3gicos en aeropuertos, central de autobuses y puertos de la entidad, protocolo que se realiza en coordinaci\u00f3n con migraci\u00f3n y la direcci\u00f3n de epidemiolog\u00eda, al igual que la Comisi\u00f3n Estatal de Riesgos Sanitarios de Sinaloa (COEPRISS).<\/p>\n<p>Es importante destacar que es en el Laboratorio Estatal de Salud P\u00fablica donde se realizan las muestras correspondientes a las personas sospechosas de COVID 19, siendo el \u00fanico laboratorio certificado para dar ese tipo de resultados.<\/p>\n<p>La Secretar\u00eda de Salud del Gobierno del Estado de Sinaloa se mantiene vigilante, y es el medio oficial a trav\u00e9s des cual se de a conocer informaci\u00f3n con respecto a estos casos.<\/p>\n<p>&nbsp;<\/p>\n<p>&nbsp;<\/p>\n<p>&nbsp;<\/p>\n<p>&nbsp;<\/p>\n<p>&nbsp;<\/p>\n<p>&nbsp;<\/p>\n<p>Fuente: Departamento de Comunicaci\u00f3n Social a Febrero del 2020<br \/>\nElabor\u00f3: Departamento de Comunicaci\u00f3n Social<\/p>\n","protected":false},"excerpt":{"rendered":"<p>Descargar &nbsp; PRIMER CASO DE COVID-19 EN SINALOA, CONTENIDO Y AISLADO &nbsp; * El Secretario de Salud, Dr. Efr\u00e9n Encinas Torres pide a la poblaci\u00f3n estar atenta a los comunicados oficiales y no caer en p\u00e1nico. * En Sinaloa estamos listos y preparados para atender estos casos, afirma. Culiac\u00e1n, Sinaloa, a 28 de febrero de [&hellip;]<\/p>\n","protected":false},"author":1,"featured_media":9683,"comment_status":"closed","ping_status":"open","sticky":false,"template":"","format":"standard","meta":{"footnotes":""},"categories":[4,3],"tags":[],"class_list":["post-9682","post","type-post","status-publish","format-standard","has-post-thumbnail","hentry","category-boletines-prensa","category-prensa"],"_links":{"self":[{"href":"https:\/\/saludsinaloa.gob.mx\/index.php\/wp-json\/wp\/v2\/posts\/9682","targetHints":{"allow":["GET"]}}],"collection":[{"href":"https:\/\/saludsinaloa.gob.mx\/index.php\/wp-json\/wp\/v2\/posts"}],"about":[{"href":"https:\/\/saludsinaloa.gob.mx\/index.php\/wp-json\/wp\/v2\/types\/post"}],"author":[{"embeddable":true,"href":"https:\/\/saludsinaloa.gob.mx\/index.php\/wp-json\/wp\/v2\/users\/1"}],"replies":[{"embeddable":true,"href":"https:\/\/saludsinaloa.gob.mx\/index.php\/wp-json\/wp\/v2\/comments?post=9682"}],"version-history":[{"count":1,"href":"https:\/\/saludsinaloa.gob.mx\/index.php\/wp-json\/wp\/v2\/posts\/9682\/revisions"}],"predecessor-version":[{"id":9684,"href":"https:\/\/saludsinaloa.gob.mx\/index.php\/wp-json\/wp\/v2\/posts\/9682\/revisions\/9684"}],"wp:featuredmedia":[{"embeddable":true,"href":"https:\/\/saludsinaloa.gob.mx\/index.php\/wp-json\/wp\/v2\/media\/9683"}],"wp:attachment":[{"href":"https:\/\/saludsinaloa.gob.mx\/index.php\/wp-json\/wp\/v2\/media?parent=9682"}],"wp:term":[{"taxonomy":"category","embeddable":true,"href":"https:\/\/saludsinaloa.gob.mx\/index.php\/wp-json\/wp\/v2\/categories?post=9682"},{"taxonomy":"post_tag","embeddable":true,"href":"https:\/\/saludsinaloa.gob.mx\/index.php\/wp-json\/wp\/v2\/tags?post=9682"}],"curies":[{"name":"wp","href":"https:\/\/api.w.org\/{rel}","templated":true}]}}