{"id":9562,"date":"2020-02-14T06:18:58","date_gmt":"2020-02-14T06:18:58","guid":{"rendered":"http:\/\/saludsinaloa.gob.mx\/?p=9562"},"modified":"2020-02-17T18:23:36","modified_gmt":"2020-02-17T18:23:36","slug":"conmemoran-el-dia-internacional-de-la-lucha-contra-el-cancer-infantil-en-el-hps-14-de-febrero-del-2020","status":"publish","type":"post","link":"https:\/\/saludsinaloa.gob.mx\/index.php\/2020\/02\/14\/conmemoran-el-dia-internacional-de-la-lucha-contra-el-cancer-infantil-en-el-hps-14-de-febrero-del-2020\/","title":{"rendered":"CONMEMORAN EL D\u00cdA INTERNACIONAL DE LA LUCHA CONTRA EL C\u00c1NCER INFANTIL EN EL HPS. 14 de febrero del 2020"},"content":{"rendered":"<p><a href=\"http:\/\/saludsinaloa.gob.mx\/wp-content\/uploads\/2017\/boletines\/14-02-2020 CONMEMORAN EL DIA INTERNACIONAL DE LA LUCHA CONTRA EL CANCER INFANTIL EN EL HPS.pdf\">Descargar<\/a><\/p>\n<p><strong>CONMEMORAN EL D\u00cdA INTERNACIONAL DE LA LUCHA CONTRA EL C\u00c1NCER INFANTIL EN EL HPS<\/strong><\/p>\n<p><strong>*Voluntariado de la Secretar\u00eda de Salud trabajar\u00e1 en la elaboraci\u00f3n de pelucas oncol\u00f3gicas para ni\u00f1as con c\u00e1ncer.<\/strong><\/p>\n<p><strong>Culiac\u00e1n, Sinaloa, a 14 de febrero de 2020<\/strong>.- En el marco del D\u00eda Internacional de la Lucha Contra el C\u00e1ncer Infantil, que se conmemora el 15 de febrero de cada a\u00f1o, la Secretar\u00eda de Salud prepar\u00f3 una jornada de actividades acad\u00e9micas a desarrollarse en el Hospital Pedi\u00e1trico de Sinaloa, sede del trabajo arduo para hacer frente a esta enfermedad que se presenta en ni\u00f1os y adolescentes.<\/p>\n<p>El Dr. Rafael F\u00e9lix Espinoza, director de Prevenci\u00f3n y Promoci\u00f3n de la Salud, en representaci\u00f3n del Secretario de Salud, Dr. Efr\u00e9n Encinas Torres, expres\u00f3 que el c\u00e1ncer representa una etapa muy dif\u00edcil en los ni\u00f1os y j\u00f3venes, por lo que es de vital importancia llegar a un diagn\u00f3stico temprano y oportuno para alcanzar el \u00e9xito en la curaci\u00f3n de los pacientes.<\/p>\n<p>\u201cSi nosotros llegamos temprano, hacemos un diagn\u00f3stico oportuno, damos un tratamiento r\u00e1pido, las probabilidades de \u00e9xito, podemos lograr y apostarle a la curaci\u00f3n, hoy en d\u00eda podemos apostarle a que una leucemia sobre todo linfobl\u00e1stica detectada a tiempo se puede curar y salir libre de cualquier riesgo de reca\u00edda en ese tipo de pacientes; hoy se va a trabajar en una capacitaci\u00f3n, en una jornada acad\u00e9mica para que sigamos capacit\u00e1ndonos todos los d\u00edas, en esto no hay un fin, tenemos que estar refrescando nuestros conocimientos para hacer un mejor manejo de los pacientes\u201d, puntualiz\u00f3.<\/p>\n<p>Las conferencias que se impartieron son: &#8220;Signos y s\u00edntomas de C\u00e1ncer Infantil, detecci\u00f3n oportuna&#8221;, a cargo del Dr. Filiberto Daniel S\u00e1nchez Bernal y &#8220;Leucemia (actualidades)&#8221; a cargo de la Dra. Daniela Arce Cabrera, todo ello haciendo \u00e9nfasis de que el c\u00e1ncer detectado a tiempo es curable.<\/p>\n<p>En este acto inaugural la presidenta del Voluntariado de la Secretar\u00eda de Salud, Sra. Mireya Rodr\u00edguez de Encinas, anunci\u00f3 el pr\u00f3ximo trabajo de elaboraci\u00f3n de Pelucas Oncol\u00f3gicas para Ni\u00f1as afectadas por C\u00e1ncer, esto para contribuir con su salud emocional al perder su cabello debido al tratamiento que llevan para salir delante de esta enfermedad.<\/p>\n<p>\u201cDentro de las actividades que nosotros realizamos como voluntariado y que estamos muy de la mano con el Gobierno del Estado, la Sra. Rosy que est\u00e1 muy entusiasmada que se hagan las cosas para los ni\u00f1os tambi\u00e9n,\u00a0 estamos nosotros haciendo, dentro de nuestro Taller de Pelucas Oncol\u00f3gicas, pelucas para que en el momento en el que las ni\u00f1as que tengan un problema y necesiten por feminidad una peluca, vamos a empezar a trabajar en la elaboraci\u00f3n de pelucas oncol\u00f3gicas para las ni\u00f1as de este hospital\u201d, se\u00f1al\u00f3.<\/p>\n<p>En el evento tambi\u00e9n estuvieron presentes el Dr. Filiberto S\u00e1nchez Bernal, jefe del Departamento de Salud de la Infancia y la Adolescencia; Dr. Eliseo Ru\u00edz Monobe, jefe de la Jurisdicci\u00f3n Sanitaria IV; Dr. Eduardo Llaus\u00e1s Maga\u00f1a, Director M\u00e9dico del Hospital Pedi\u00e1trico de Sinaloa y la Dra. Obdilia Guti\u00e9rrez, jefa del \u00c1rea de Oncolog\u00eda del Hospital Pedi\u00e1trico de Sinaloa, entre otros invitados especiales.<\/p>\n<p>&nbsp;<\/p>\n<p>&nbsp;<\/p>\n<p>&nbsp;<\/p>\n<p>&nbsp;<\/p>\n<p>Fuente: Departamento de Comunicaci\u00f3n Social a Febrero del 2020<br \/>\nElabor\u00f3: Departamento de Comunicaci\u00f3n Social<\/p>\n","protected":false},"excerpt":{"rendered":"<p>Descargar CONMEMORAN EL D\u00cdA INTERNACIONAL DE LA LUCHA CONTRA EL C\u00c1NCER INFANTIL EN EL HPS *Voluntariado de la Secretar\u00eda de Salud trabajar\u00e1 en la elaboraci\u00f3n de pelucas oncol\u00f3gicas para ni\u00f1as con c\u00e1ncer. Culiac\u00e1n, Sinaloa, a 14 de febrero de 2020.- En el marco del D\u00eda Internacional de la Lucha Contra el C\u00e1ncer Infantil, que se [&hellip;]<\/p>\n","protected":false},"author":1,"featured_media":9563,"comment_status":"closed","ping_status":"open","sticky":false,"template":"","format":"standard","meta":{"footnotes":""},"categories":[4,3],"tags":[],"class_list":["post-9562","post","type-post","status-publish","format-standard","has-post-thumbnail","hentry","category-boletines-prensa","category-prensa"],"_links":{"self":[{"href":"https:\/\/saludsinaloa.gob.mx\/index.php\/wp-json\/wp\/v2\/posts\/9562","targetHints":{"allow":["GET"]}}],"collection":[{"href":"https:\/\/saludsinaloa.gob.mx\/index.php\/wp-json\/wp\/v2\/posts"}],"about":[{"href":"https:\/\/saludsinaloa.gob.mx\/index.php\/wp-json\/wp\/v2\/types\/post"}],"author":[{"embeddable":true,"href":"https:\/\/saludsinaloa.gob.mx\/index.php\/wp-json\/wp\/v2\/users\/1"}],"replies":[{"embeddable":true,"href":"https:\/\/saludsinaloa.gob.mx\/index.php\/wp-json\/wp\/v2\/comments?post=9562"}],"version-history":[{"count":1,"href":"https:\/\/saludsinaloa.gob.mx\/index.php\/wp-json\/wp\/v2\/posts\/9562\/revisions"}],"predecessor-version":[{"id":9564,"href":"https:\/\/saludsinaloa.gob.mx\/index.php\/wp-json\/wp\/v2\/posts\/9562\/revisions\/9564"}],"wp:featuredmedia":[{"embeddable":true,"href":"https:\/\/saludsinaloa.gob.mx\/index.php\/wp-json\/wp\/v2\/media\/9563"}],"wp:attachment":[{"href":"https:\/\/saludsinaloa.gob.mx\/index.php\/wp-json\/wp\/v2\/media?parent=9562"}],"wp:term":[{"taxonomy":"category","embeddable":true,"href":"https:\/\/saludsinaloa.gob.mx\/index.php\/wp-json\/wp\/v2\/categories?post=9562"},{"taxonomy":"post_tag","embeddable":true,"href":"https:\/\/saludsinaloa.gob.mx\/index.php\/wp-json\/wp\/v2\/tags?post=9562"}],"curies":[{"name":"wp","href":"https:\/\/api.w.org\/{rel}","templated":true}]}}