{"id":9398,"date":"2020-01-20T06:27:51","date_gmt":"2020-01-20T06:27:51","guid":{"rendered":"http:\/\/saludsinaloa.gob.mx\/?p=9398"},"modified":"2020-01-21T18:02:31","modified_gmt":"2020-01-21T18:02:31","slug":"un-cimiento-firme-de-valores-en-la-familia-permitira-enfrentar-situaciones-diversas-a-ninos-y-adolescentes-especialista-20-de-enero-del-2020","status":"publish","type":"post","link":"https:\/\/saludsinaloa.gob.mx\/index.php\/2020\/01\/20\/un-cimiento-firme-de-valores-en-la-familia-permitira-enfrentar-situaciones-diversas-a-ninos-y-adolescentes-especialista-20-de-enero-del-2020\/","title":{"rendered":"\u201cUN CIMIENTO FIRME DE VALORES EN LA FAMILIA PERMITIR\u00c1 ENFRENTAR SITUACIONES DIVERSAS A NI\u00d1OS Y ADOLESCENTES\u201d, ESPECIALISTA. 20 de enero del 2020"},"content":{"rendered":"<p><a href=\"http:\/\/saludsinaloa.gob.mx\/wp-content\/uploads\/2017\/boletines\/20-01-2020 UN CIMIENTO FIRME DE VALORES EN LA FAMILIA PERMITIR\u00c1 ENFRENTAR SITUACIONES DIVERSAS A NI\u00d1OS Y ADOLESCENTE, ESPECIALISTA.pdf\">Descargar<\/a><\/p>\n<p><strong>\u00a0<\/strong><strong>\u201cUN CIMIENTO FIRME DE VALORES EN LA FAMILIA PERMITIR\u00c1 ENFRENTAR SITUACIONES DIVERSAS A NI\u00d1OS Y ADOLESCENTES\u201d, ESPECIALISTA<\/strong><\/p>\n<p>&nbsp;<\/p>\n<p><strong><em>* Las redes familiares y con maestros son las m\u00e1s importantes para prevenir trastornos mentales mayores.<\/em><\/strong><\/p>\n<p><strong>Culiac\u00e1n, Sinaloa, 20 de enero de 2020<\/strong>. \u2013 La Secretar\u00eda de Salud, a trav\u00e9s del Centro de Higiene Escolar, realiza visitas a las instituciones de educaci\u00f3n b\u00e1sica con la finalidad de diagnosticar aquellos trastornos mentales que puedan presentar los alumnos y hacer una investigaci\u00f3n con el entorno de cada ni\u00f1o, ya que ellos no tienen la misma capacidad que un adulto de expresar sus sentimientos.<\/p>\n<p>Francisco Benjam\u00edn Landeros Castro, Psic\u00f3logo del Centro de Higiene Escolar, expres\u00f3 que existen muchas condiciones que permitir\u00e1n a padres de familia y maestros poner especial atenci\u00f3n en el comportamiento de ni\u00f1os y adolescentes, tomando como los dos b\u00e1sicos el cambio de actitud, es decir pasar de ser un ni\u00f1o alegre y de pronto estar siempre triste o bien perdi\u00f3 inter\u00e9s por aquellas cosas que le gustaban.<\/p>\n<p>De esta manera, contar con un car\u00e1cter bien formado, un cimiento firme de valores, permitir\u00e1 enfrentar las diferentes situaciones que puedan presentarse en el entorno escolar, familiar o cualquier otro.<\/p>\n<p>\u201cEs un c\u00famulo de confusi\u00f3n m\u00e1s que nada, que el adolescente o el ni\u00f1o no sabe c\u00f3mo enfrentarlo, no sabe c\u00f3mo asimilarlo y no tiene un apoyo, por eso son importantes las redes familiares, las redes de apoyo donde platiquemos, donde lo apoyemos, qu\u00e9 te pasa, est\u00e1s bien, c\u00f3mo te fue en la escuela, cu\u00e1ntos amigos tienes, con qui\u00e9n te juntas, y no se trata de estar sobre el adolescente vigil\u00e1ndolo, simplemente crear ese v\u00ednculo de comunicaci\u00f3n que permita la confianza de que pueda expresarse\u201d, mencion\u00f3.<\/p>\n<p>Lo ideal ser\u00eda que en esta etapa del crecimiento de cada persona realicen actividades o deportes en conjunto, para canalizar esa energ\u00eda positivamente y de esta manera prevenir o evitar alg\u00fan trastorno mental.<\/p>\n<p>Obviamente todo lo relacionado con los trastornos de depresi\u00f3n y ansiedad en menores de edad, lo ideal es la prevenci\u00f3n, estar atentos con los ni\u00f1os o adolescentes, porque todo lo que se padece en la infancia, lo va a reflejar de adulto, puntualiz\u00f3 el especialista.<\/p>\n<p>La invitaci\u00f3n a los padres de familia es a poner mayor atenci\u00f3n en c\u00f3mo est\u00e1 reaccionando su hijo, a los maestros qu\u00e9 est\u00e1 pasando con este ni\u00f1o en relaci\u00f3n con los dem\u00e1s, ya que hay muchos factores que pueden influir en una ansiedad o depresi\u00f3n y si se canalizan tempranamente con un especialista es prevenible.<\/p>\n<p>En el Centro de Higiene Escolar se cuenta con atenci\u00f3n psicol\u00f3gica y de trabajo social de lunes a viernes en un horario de 7:00 a 19:00 horas, con una atenci\u00f3n de calidad a los menores de edad. Para mayores informes se puede acudir a Venustiano Carranza S\/N, Col. Las Quintas en Culiac\u00e1n, o marcar al tel\u00e9fono 667 713 7245.<\/p>\n<p>&nbsp;<\/p>\n<p>&nbsp;<\/p>\n<p>&nbsp;<\/p>\n<p>&nbsp;<\/p>\n<p>Fuente: Departamento de Comunicaci\u00f3n Social a Enero del 2020<br \/>\nElabor\u00f3: Departamento de Comunicaci\u00f3n Social<\/p>\n","protected":false},"excerpt":{"rendered":"<p>Descargar \u00a0\u201cUN CIMIENTO FIRME DE VALORES EN LA FAMILIA PERMITIR\u00c1 ENFRENTAR SITUACIONES DIVERSAS A NI\u00d1OS Y ADOLESCENTES\u201d, ESPECIALISTA &nbsp; * Las redes familiares y con maestros son las m\u00e1s importantes para prevenir trastornos mentales mayores. Culiac\u00e1n, Sinaloa, 20 de enero de 2020. \u2013 La Secretar\u00eda de Salud, a trav\u00e9s del Centro de Higiene Escolar, realiza [&hellip;]<\/p>\n","protected":false},"author":1,"featured_media":9399,"comment_status":"closed","ping_status":"open","sticky":false,"template":"","format":"standard","meta":{"footnotes":""},"categories":[4,3],"tags":[],"class_list":["post-9398","post","type-post","status-publish","format-standard","has-post-thumbnail","hentry","category-boletines-prensa","category-prensa"],"_links":{"self":[{"href":"https:\/\/saludsinaloa.gob.mx\/index.php\/wp-json\/wp\/v2\/posts\/9398","targetHints":{"allow":["GET"]}}],"collection":[{"href":"https:\/\/saludsinaloa.gob.mx\/index.php\/wp-json\/wp\/v2\/posts"}],"about":[{"href":"https:\/\/saludsinaloa.gob.mx\/index.php\/wp-json\/wp\/v2\/types\/post"}],"author":[{"embeddable":true,"href":"https:\/\/saludsinaloa.gob.mx\/index.php\/wp-json\/wp\/v2\/users\/1"}],"replies":[{"embeddable":true,"href":"https:\/\/saludsinaloa.gob.mx\/index.php\/wp-json\/wp\/v2\/comments?post=9398"}],"version-history":[{"count":3,"href":"https:\/\/saludsinaloa.gob.mx\/index.php\/wp-json\/wp\/v2\/posts\/9398\/revisions"}],"predecessor-version":[{"id":9402,"href":"https:\/\/saludsinaloa.gob.mx\/index.php\/wp-json\/wp\/v2\/posts\/9398\/revisions\/9402"}],"wp:featuredmedia":[{"embeddable":true,"href":"https:\/\/saludsinaloa.gob.mx\/index.php\/wp-json\/wp\/v2\/media\/9399"}],"wp:attachment":[{"href":"https:\/\/saludsinaloa.gob.mx\/index.php\/wp-json\/wp\/v2\/media?parent=9398"}],"wp:term":[{"taxonomy":"category","embeddable":true,"href":"https:\/\/saludsinaloa.gob.mx\/index.php\/wp-json\/wp\/v2\/categories?post=9398"},{"taxonomy":"post_tag","embeddable":true,"href":"https:\/\/saludsinaloa.gob.mx\/index.php\/wp-json\/wp\/v2\/tags?post=9398"}],"curies":[{"name":"wp","href":"https:\/\/api.w.org\/{rel}","templated":true}]}}