{"id":8469,"date":"2019-10-31T06:45:51","date_gmt":"2019-10-31T06:45:51","guid":{"rendered":"http:\/\/saludsinaloa.gob.mx\/?p=8469"},"modified":"2019-11-04T19:27:12","modified_gmt":"2019-11-04T19:27:12","slug":"culminan-las-actividades-del-mes-de-octubre-en-pro-de-la-lucha-contra-el-cancer-de-mama-31-de-octubre-del-2019","status":"publish","type":"post","link":"https:\/\/saludsinaloa.gob.mx\/index.php\/2019\/10\/31\/culminan-las-actividades-del-mes-de-octubre-en-pro-de-la-lucha-contra-el-cancer-de-mama-31-de-octubre-del-2019\/","title":{"rendered":"CULMINAN LAS ACTIVIDADES DEL MES DE OCTUBRE EN PRO DE LA LUCHA CONTRA EL C\u00c1NCER DE MAMA. 31 de octubre del 2019"},"content":{"rendered":"<p><a href=\"http:\/\/saludsinaloa.gob.mx\/wp-content\/uploads\/2017\/boletines\/31-10-2019 CULMINAN LAS ACTIVIDADES EN PRO DE LA LUCHA CONTRA EL CANCER DE MAMA.pdf\">Descargar<\/a><\/p>\n<p><strong>CULMINAN LAS ACTIVIDADES DEL MES DE OCTUBRE EN PRO DE LA LUCHA CONTRA EL C\u00c1NCER DE MAMA<\/strong><\/p>\n<p><em>\u00a0<\/em><\/p>\n<p><em>* Con Festival Cultural \u00a1Esc\u00fachate! Tu cuerpo de habla, destacan la importancia de la detecci\u00f3n oportuna de este padecimiento.<\/em><\/p>\n<p><strong>Culiac\u00e1n, Sinaloa, 31 de octubre de 2019<\/strong>; Con el objetico de concientizar a la poblaci\u00f3n sobre la detecci\u00f3n oportuna del C\u00e1ncer de Mamario, en el mes de octubre se incrementan las acciones en favor de la lucha contra el C\u00e1ncer de Mama, campa\u00f1a de la Secretar\u00eda de Salud que contribuye al aumento de la sensibilizaci\u00f3n, atenci\u00f3n y apoyo prestados para la detecci\u00f3n temprana, tratamiento y cuidados paliativos de quienes lo padecen.<\/p>\n<p>Es por ello que a trav\u00e9s de actividades acad\u00e9micas y art\u00edsticas se hace referencia a la concientizaci\u00f3n de mujeres y hombres sinaloenses para que est\u00e9n alertas de cualquier cambio en su cuerpo y evitar el C\u00e1ncer de Mama, explic\u00f3 el Dr. V\u00edctor Hugo S\u00e1nchez Malof, Subsecretario de Atenci\u00f3n M\u00e9dica.<\/p>\n<p>\u201cPocas veces se hace algo tan bonito y le dan esa promoci\u00f3n que nos hacen recordar que existen padecimientos que podemos derrotarlos uni\u00e9ndonos todos, esa acci\u00f3n que est\u00e1 haciendo la Secretar\u00eda de Salud es una manera de derrotar esas enfermedades, tenemos ya el personal, enfermer\u00eda, promotores, m\u00e9dicos, equipo sofisticado donde podemos hacer las detecciones tempranas y derrotarlo\u201d, expres\u00f3.<\/p>\n<p>Por su parte, la Dra. Mireya Rodr\u00edguez de Encinas, presidenta del Voluntariado de la Secretar\u00eda de Salud, reconoci\u00f3 a mujeres sobrevivientes del C\u00e1ncer de Mama, haciendo referencia a que son unas guerreras de vida y un ejemplo para muchas.<\/p>\n<p>\u201cLes pido de favor que se levanten las guerreras que est\u00e1n aqu\u00ed, que con su presencia nos est\u00e1n dando un ejemplo hermoso de vida y demos un aplauso enorme a ellas\u201d, apunt\u00f3.<\/p>\n<p>Asimismo, se hizo destacar el hecho de que el chequeo de las mamas debe realizarse mes con mes, recordando que el autocuidado de la salud es vital para que en un futuro se pueda disminuir los riesgos y complicaciones de este tipo de enfermedades, explic\u00f3 el Dr. Juan Carlos Navarro Guerrero, Subdirector de Prevenci\u00f3n y Control de Enfermedades.<\/p>\n<p>\u201cNecesariamente tiene que predominar esto mes con mes, no porque octubre sea el mes contra el C\u00e1ncer de Mama noviembre no lo va a ser, cada mes es importante porque tenemos que seguir luchando porque cada vez se mueran menos mujeres por C\u00e1ncer de Mama o C\u00e1ncer Cervicouterino, por esto necesitamos unirnos todos, porque aunque no seamos un profesional de la salud podemos hacer la sensibilizaci\u00f3n, recordando que el autocuidado de la salud es muy importante para que el d\u00eda de ma\u00f1ana disminuir los riesgos de alguna enfermedad\u201d, puntualiz\u00f3.<\/p>\n<p>De esta manera y con un par de conferencias vinculadas al tema de la detecci\u00f3n oportuna del C\u00e1ncer de Mama, acompa\u00f1ado por un festival art\u00edstico, es como se culmina con un mes m\u00e1s de intensas actividades para concientizar a la poblaci\u00f3n de la detecci\u00f3n oportuna del C\u00e1ncer Mamario en mujeres y hombres.<\/p>\n<p>Estuvieron presentes en el evento la Dra. Lilian C\u00e1zarez Rojo, directora de UNEME DEDICAM; Dr. Francisco Dom\u00ednguez, Coordinador de Prevenci\u00f3n y Atenci\u00f3n a la Salud del IMSS; Dra. Mar\u00eda Irene Cong Kee, directora del Centro de Salud Urbano de Culiac\u00e1n; as\u00ed como el Dr. Eliseo Ruiz Monobe, jefe de la Jurisdicci\u00f3n Sanitaria IV Culiac\u00e1n, entre otras personalidades.<\/p>\n<p>&nbsp;<\/p>\n<p>&nbsp;<\/p>\n<p>&nbsp;<\/p>\n<p>&nbsp;<\/p>\n<p>Fuente: Departamento de Comunicaci\u00f3n Social a Octubre del 2019<br \/>\nElabor\u00f3: Departamento de Comunicaci\u00f3n Social \u2013 SECRETAR\u00cdA DE SALUD DEL ESTADO DE SINALOA.<\/p>\n","protected":false},"excerpt":{"rendered":"<p>Descargar CULMINAN LAS ACTIVIDADES DEL MES DE OCTUBRE EN PRO DE LA LUCHA CONTRA EL C\u00c1NCER DE MAMA \u00a0 * Con Festival Cultural \u00a1Esc\u00fachate! Tu cuerpo de habla, destacan la importancia de la detecci\u00f3n oportuna de este padecimiento. Culiac\u00e1n, Sinaloa, 31 de octubre de 2019; Con el objetico de concientizar a la poblaci\u00f3n sobre la [&hellip;]<\/p>\n","protected":false},"author":1,"featured_media":8470,"comment_status":"closed","ping_status":"open","sticky":false,"template":"","format":"standard","meta":{"footnotes":""},"categories":[4,3],"tags":[],"class_list":["post-8469","post","type-post","status-publish","format-standard","has-post-thumbnail","hentry","category-boletines-prensa","category-prensa"],"_links":{"self":[{"href":"https:\/\/saludsinaloa.gob.mx\/index.php\/wp-json\/wp\/v2\/posts\/8469","targetHints":{"allow":["GET"]}}],"collection":[{"href":"https:\/\/saludsinaloa.gob.mx\/index.php\/wp-json\/wp\/v2\/posts"}],"about":[{"href":"https:\/\/saludsinaloa.gob.mx\/index.php\/wp-json\/wp\/v2\/types\/post"}],"author":[{"embeddable":true,"href":"https:\/\/saludsinaloa.gob.mx\/index.php\/wp-json\/wp\/v2\/users\/1"}],"replies":[{"embeddable":true,"href":"https:\/\/saludsinaloa.gob.mx\/index.php\/wp-json\/wp\/v2\/comments?post=8469"}],"version-history":[{"count":1,"href":"https:\/\/saludsinaloa.gob.mx\/index.php\/wp-json\/wp\/v2\/posts\/8469\/revisions"}],"predecessor-version":[{"id":8471,"href":"https:\/\/saludsinaloa.gob.mx\/index.php\/wp-json\/wp\/v2\/posts\/8469\/revisions\/8471"}],"wp:featuredmedia":[{"embeddable":true,"href":"https:\/\/saludsinaloa.gob.mx\/index.php\/wp-json\/wp\/v2\/media\/8470"}],"wp:attachment":[{"href":"https:\/\/saludsinaloa.gob.mx\/index.php\/wp-json\/wp\/v2\/media?parent=8469"}],"wp:term":[{"taxonomy":"category","embeddable":true,"href":"https:\/\/saludsinaloa.gob.mx\/index.php\/wp-json\/wp\/v2\/categories?post=8469"},{"taxonomy":"post_tag","embeddable":true,"href":"https:\/\/saludsinaloa.gob.mx\/index.php\/wp-json\/wp\/v2\/tags?post=8469"}],"curies":[{"name":"wp","href":"https:\/\/api.w.org\/{rel}","templated":true}]}}