{"id":8416,"date":"2019-10-25T06:34:39","date_gmt":"2019-10-25T06:34:39","guid":{"rendered":"http:\/\/saludsinaloa.gob.mx\/?p=8416"},"modified":"2019-10-28T17:44:17","modified_gmt":"2019-10-28T17:44:17","slug":"buen-estado-animico-es-primordial-para-que-pacientes-oncologicos-mejoren-25-de-octubre-del-2019","status":"publish","type":"post","link":"https:\/\/saludsinaloa.gob.mx\/index.php\/2019\/10\/25\/buen-estado-animico-es-primordial-para-que-pacientes-oncologicos-mejoren-25-de-octubre-del-2019\/","title":{"rendered":"BUEN ESTADO ANIMICO ES PRIMORDIAL PARA QUE PACIENTES ONCOL\u00d3GICOS MEJOREN. 25 de octubre del 2019"},"content":{"rendered":"<p><a href=\"http:\/\/saludsinaloa.gob.mx\/wp-content\/uploads\/2017\/boletines\/25-10-2019 BUEN ESTADO ANIMICO ES PRIMORDIAL.pdf\">Descargar<\/a><\/p>\n<p><strong>BUEN ESTADO ANIMICO ES PRIMORDIAL PARA QUE PACIENTES ONCOL\u00d3GICOS MEJOREN<\/strong><\/p>\n<p><em>\u00a0<\/em><em>Con motivo de la celebraci\u00f3n del D\u00eda del Paciente Oncol\u00f3gico, el Instituto de Cancerolog\u00eda realiz\u00f3 un festejo para ellos, sus familiares y todos los que tiene que ver en su atenci\u00f3n.<\/em><\/p>\n<p><strong>Culiac\u00e1n, Sinaloa, 25 de octubre del 2019<\/strong>; Con la finalidad de que sobrelleven de una mejor manera el c\u00e1ncer y todo lo que ello conlleva, pacientes del Instituto de Cancerolog\u00eda de Culiac\u00e1n celebraron el D\u00eda del Paciente Oncol\u00f3gico que por nueve a\u00f1os ha dado alegr\u00eda y una feliz convivencia, inform\u00f3 la Dra. Iveth Palma, Directora del Instituto de Cancerolog\u00eda de Culiac\u00e1n.<\/p>\n<p>La especialista, inform\u00f3 que en lo que va de este 2019, el Instituto de Cancerolog\u00eda ha otorgado m\u00e1s de 9 mil consultas, donde predomina la atenci\u00f3n por c\u00e1ncer de mama, pues por este padecimiento se registran m\u00e1s de 2 mil consultas y el resto por diferentes patolog\u00edas como, c\u00e1ncer cerviocuiterino, colon, recto, pr\u00f3stata, ovario, test\u00edculo entre otros.<\/p>\n<p>\u201cEl d\u00eda de hoy se ha nombrado como el d\u00eda del paciente oncol\u00f3gico en el instituto sinaloense de cancerolog\u00eda es el noveno a\u00f1o consecutivo que se ha hecho este festejo con el \u00fanico motivo de hacerles pasar un buen d\u00eda a todos los pacientes despu\u00e9s de todo lo que ellos atraviesan por esta enfermedad\u201d, indic\u00f3.<\/p>\n<p>Por su parte, la Dra. Mireya Rodr\u00edguez de Encinas, Presidenta del Voluntariado de la Secretar\u00eda de Salud, inform\u00f3 que se trabaja de manera ardua para apoyar de manera permanente a las mujeres que luchan contra el c\u00e1ncer de mama, a trav\u00e9s de diversos programas como la realizaci\u00f3n de pelucas oncol\u00f3gicas, el carril rosa para la rehabilitaci\u00f3n de las pacientes que tienen linfedema que han sido operadas con mastectom\u00eda y pr\u00f3ximamente la reconstrucci\u00f3n mamaria.<\/p>\n<p>\u201cNos decidimos a buscar la forma de poder incluirnos dentro de los proyectos de la secretar\u00eda y encontramos que hac\u00eda falta el poder darles unas pelucas oncol\u00f3gica a las personas, realmente los costos de estas pelucas por fuera son por 1 mil pesos, entonces decidimos que una paciente que tiene un problema de este tipo y que por lo general son pacientes de escasos recursos deber\u00edamos de hacer algo por ellas\u201d, manifest\u00f3.<\/p>\n<p>Asimismo, hizo el llamado a la poblaci\u00f3n para que participen en la donaci\u00f3n del cabello, pues solo se requiere como requisito 15 cm, puede ser te\u00f1ido, limpio y entregarlo en el voluntariado, o el propio Instituto de Cancerolog\u00eda con su nombre y tel\u00e9fono para tener un registro y as\u00ed para informarles a los donadores sobre la entrega de las pelucas oncol\u00f3gicas que fueron elaboradas gracias a sus donativos.<\/p>\n<p>&nbsp;<\/p>\n<p>&nbsp;<\/p>\n<p>&nbsp;<\/p>\n<p>Fuente: Departamento de Comunicaci\u00f3n Social a Octubre del 2019<br \/>\nElabor\u00f3: Departamento de Comunicaci\u00f3n Social \u2013 SECRETAR\u00cdA DE SALUD DEL ESTADO DE SINALOA.<\/p>\n","protected":false},"excerpt":{"rendered":"<p>Descargar BUEN ESTADO ANIMICO ES PRIMORDIAL PARA QUE PACIENTES ONCOL\u00d3GICOS MEJOREN \u00a0Con motivo de la celebraci\u00f3n del D\u00eda del Paciente Oncol\u00f3gico, el Instituto de Cancerolog\u00eda realiz\u00f3 un festejo para ellos, sus familiares y todos los que tiene que ver en su atenci\u00f3n. Culiac\u00e1n, Sinaloa, 25 de octubre del 2019; Con la finalidad de que sobrelleven [&hellip;]<\/p>\n","protected":false},"author":1,"featured_media":8419,"comment_status":"closed","ping_status":"open","sticky":false,"template":"","format":"standard","meta":{"footnotes":""},"categories":[4,3],"tags":[],"class_list":["post-8416","post","type-post","status-publish","format-standard","has-post-thumbnail","hentry","category-boletines-prensa","category-prensa"],"_links":{"self":[{"href":"https:\/\/saludsinaloa.gob.mx\/index.php\/wp-json\/wp\/v2\/posts\/8416","targetHints":{"allow":["GET"]}}],"collection":[{"href":"https:\/\/saludsinaloa.gob.mx\/index.php\/wp-json\/wp\/v2\/posts"}],"about":[{"href":"https:\/\/saludsinaloa.gob.mx\/index.php\/wp-json\/wp\/v2\/types\/post"}],"author":[{"embeddable":true,"href":"https:\/\/saludsinaloa.gob.mx\/index.php\/wp-json\/wp\/v2\/users\/1"}],"replies":[{"embeddable":true,"href":"https:\/\/saludsinaloa.gob.mx\/index.php\/wp-json\/wp\/v2\/comments?post=8416"}],"version-history":[{"count":1,"href":"https:\/\/saludsinaloa.gob.mx\/index.php\/wp-json\/wp\/v2\/posts\/8416\/revisions"}],"predecessor-version":[{"id":8420,"href":"https:\/\/saludsinaloa.gob.mx\/index.php\/wp-json\/wp\/v2\/posts\/8416\/revisions\/8420"}],"wp:featuredmedia":[{"embeddable":true,"href":"https:\/\/saludsinaloa.gob.mx\/index.php\/wp-json\/wp\/v2\/media\/8419"}],"wp:attachment":[{"href":"https:\/\/saludsinaloa.gob.mx\/index.php\/wp-json\/wp\/v2\/media?parent=8416"}],"wp:term":[{"taxonomy":"category","embeddable":true,"href":"https:\/\/saludsinaloa.gob.mx\/index.php\/wp-json\/wp\/v2\/categories?post=8416"},{"taxonomy":"post_tag","embeddable":true,"href":"https:\/\/saludsinaloa.gob.mx\/index.php\/wp-json\/wp\/v2\/tags?post=8416"}],"curies":[{"name":"wp","href":"https:\/\/api.w.org\/{rel}","templated":true}]}}