{"id":8201,"date":"2019-10-02T06:15:41","date_gmt":"2019-10-02T06:15:41","guid":{"rendered":"http:\/\/saludsinaloa.gob.mx\/?p=8201"},"modified":"2019-10-03T19:38:35","modified_gmt":"2019-10-03T19:38:35","slug":"sss-refuerza-acciones-para-sensibilizar-la-deteccion-oportuna-del-cancer-de-mama-02-de-octubre-del-2019","status":"publish","type":"post","link":"https:\/\/saludsinaloa.gob.mx\/index.php\/2019\/10\/02\/sss-refuerza-acciones-para-sensibilizar-la-deteccion-oportuna-del-cancer-de-mama-02-de-octubre-del-2019\/","title":{"rendered":"SSS REFUERZA ACCIONES PARA SENSIBILIZAR LA DETECCI\u00d3N OPORTUNA DEL C\u00c1NCER DE MAMA. 02 de octubre del 2019"},"content":{"rendered":"<p><a href=\"http:\/\/saludsinaloa.gob.mx\/wp-content\/uploads\/2017\/boletines\/02-10-2019 SSS REFUERZA ACCIONES PARA SENSIBILIZAR LA DETECCION DEL CANCER DE MAMA.pdf\">Descargar<\/a><\/p>\n<p><strong>SSS REFUERZA ACCIONES PARA SENSIBILIZAR LA DETECCI\u00d3N OPORTUNA DEL C\u00c1NCER DE MAMA<\/strong><\/p>\n<p>*<em>Durante el mes de octubre, por medio de capacitaci\u00f3n, orientaci\u00f3n y promoci\u00f3n para concientizar a mujeres y hombres sobre la detecci\u00f3n oportuna de este padecimiento <\/em><\/p>\n<p><strong>Culiac\u00e1n, Sinaloa, 02 de octubre del 2019<\/strong>; En el marco del D\u00eda Mundial de la Detecci\u00f3n del C\u00e1ncer de Mama, a conmemorarse el 19 de octubre, la Secretar\u00eda de Salud de Sinaloa realizar\u00e1 diversas acciones durante todo el mes \u201cRosa\u201d a fin de concientizar a la poblaci\u00f3n en general sobre la importancia de la autoexploraci\u00f3n y detecci\u00f3n oportuna de este padecimiento, pues esto puede marcar la diferencia entre la vida y la muerte, puntualiz\u00f3 el Dr. V\u00edctor Hugo S\u00e1nchez Malof, Subsecretario de Atenci\u00f3n M\u00e9dica.<\/p>\n<p>Durante su discurso en el acto inaugural del Mes Rosa, donde se inici\u00f3 con capacitaci\u00f3n a personal de la secretaria de salud, quienes ser\u00e1n agentes promotores en las unidades m\u00e9dicas para informar a las usuarias sobre signos sugestivos de c\u00e1ncer de mama, el Dr. V\u00edctor Hugo S\u00e1nchez Malof, se\u00f1al\u00f3 que si bien Sinaloa se encuentra entre los primeros estados con m\u00e1s casos de c\u00e1ncer de mama, las acciones se realizan cada d\u00eda del a\u00f1o para lograr disminuir estas cifras.<\/p>\n<p>Detall\u00f3 que en el caso de Sinaloa en todo el Sistema de Salud P\u00fablica, Secretar\u00eda de Salud, IMSS y el ISSSTE, se registraron durante 2018 m\u00e1s de 300 casos detectados de c\u00e1ncer de mama, teniendo una tasa de poco m\u00e1s de 100 muertes al a\u00f1o.<\/p>\n<p>\u201cTenemos que ir mejorando nuestra alimentaci\u00f3n, disminuir los efectos que pueden aumentar esta morbilidad, acudir a nuestros centros, difundir la autoexploraci\u00f3n de las mamas, podemos bajar las estad\u00edsticas, estamos mejorando nuestros equipos de alta tecnolog\u00eda, nuestro se\u00f1or Gobernador Quirino Ordaz Coppel, preocupado por la salud de todos los sinaloenses ha instruido a nuestro secretario de Salud Dr. Efr\u00e9n Encinas Torres\u201d, puntualiz\u00f3.<\/p>\n<p>Por su parte el Dr. Rafael F\u00e9lix Espinoza, Director de Prevenci\u00f3n y Promoci\u00f3n de la Salud, coment\u00f3 que en promedio de edad de las personas que se les detecta este padecimiento se encuentra alrededor de 50 a 60 a\u00f1os y lament\u00f3 que solo el 33% \u00fanicamente se detecta en etapas tempranas, mientras que el resto en etapas intermedias o muy tard\u00edas, por lo que enfatiz\u00f3 la importancia de que todos los hombres y mujeres busquen la detecci\u00f3n oportuna.<\/p>\n<p>\u201cQue si bien es cierto el 19 de octubre es el d\u00eda mundial de la detecci\u00f3n del c\u00e1ncer de mama, la OMS ha declarado que todo el mes de octubre tengamos actividades en pro de la sensibilizaci\u00f3n y concientizaci\u00f3n de la detecci\u00f3n de este c\u00e1ncer que si bien es cierto no es prevenible, su detecci\u00f3n oportuna puede llevarnos a la curaci\u00f3n en muchos de los casos\u201d,<\/p>\n<p>Por ello, record\u00f3 que las mujeres de 40 en adelante deben de acudir a las unidades m\u00e9dicas a realizarse el estudio de mastograf\u00eda, el cual es totalmente gratuito todos los d\u00edas del a\u00f1o, mientras que las usuarias menores de 40 deben de acudir a la autoexploraci\u00f3n y en caso de detectar alguna anomal\u00eda como un bulto nuevo en mama o axila, aumento del grosos o hinchaz\u00f3n de una parte de la mama, irritaci\u00f3n o hundimiento en la piel de la mama, enrojecimiento o descamaci\u00f3n en la zona del pez\u00f3n o la mama as\u00ed mismo hundimiento del pez\u00f3n o dolor en esa zona, principalmente.<\/p>\n<p>Adem\u00e1s, informo que el sistema de salud cuenta con la fortaleza requerida para detectar de manera oportuna el c\u00e1ncer de mama, y pr\u00f3ximamente se inaugurar\u00e1 un mastografo de primera tecnolog\u00eda en el Hospital General de Guam\u00fachil, el cual vendr\u00e1 a fortalecer las acciones de prevenci\u00f3n en la regi\u00f3n del \u00c9vora.<\/p>\n<p>Cabe mencionar que, como parte de las acciones a realizar durante este mes, se har\u00e1 la marcha tradicional el 18 de octubre al pie de la lomita en punto de las 8:00 am, adem\u00e1s de la Serie Rosa gracias a la alianza que se ha tenido por 7 a\u00f1os consecutivos con Club Tomateros misma que iniciar\u00e1 este a\u00f1o del 18 al 20 de octubre, y que gracias a la gesti\u00f3n de la Sra. Rosy Fuentes de Ordaz, Presidenta del DIF Estatal se logr\u00f3 extender a toda la liga del pacifico.<\/p>\n<p>Durante el evento, tambi\u00e9n estuvieron presentes la Dra. Mireya Rodr\u00edguez de Encinas, Presidenta del Voluntariado de la Secretar\u00eda de Salud; el Dr. H\u00e9ctor Alc\u00e1ntara G\u00f3mez, Director de Atenci\u00f3n M\u00e9dica; Dr. Eliseo Ru\u00edz Monobe, Jefe de la Jurisdicci\u00f3n Sanitaria en Culiac\u00e1n; Dr. Juan Carlos Navarro Guerrero, Subdirector de Prevenci\u00f3n de la Salud, entre otras autoridades e invitados especiales<strong>.<\/strong><\/p>\n<p>&nbsp;<\/p>\n<p>&nbsp;<\/p>\n<p>&nbsp;<\/p>\n<p>Fuente: Departamento de Comunicaci\u00f3n Social a Octubre del 2019<br \/>\nElabor\u00f3: Departamento de Comunicaci\u00f3n Social \u2013 SECRETAR\u00cdA DE SALUD DEL ESTADO DE SINALOA.<\/p>\n","protected":false},"excerpt":{"rendered":"<p>Descargar SSS REFUERZA ACCIONES PARA SENSIBILIZAR LA DETECCI\u00d3N OPORTUNA DEL C\u00c1NCER DE MAMA *Durante el mes de octubre, por medio de capacitaci\u00f3n, orientaci\u00f3n y promoci\u00f3n para concientizar a mujeres y hombres sobre la detecci\u00f3n oportuna de este padecimiento Culiac\u00e1n, Sinaloa, 02 de octubre del 2019; En el marco del D\u00eda Mundial de la Detecci\u00f3n del [&hellip;]<\/p>\n","protected":false},"author":1,"featured_media":8202,"comment_status":"closed","ping_status":"open","sticky":false,"template":"","format":"standard","meta":{"footnotes":""},"categories":[4,3],"tags":[],"class_list":["post-8201","post","type-post","status-publish","format-standard","has-post-thumbnail","hentry","category-boletines-prensa","category-prensa"],"_links":{"self":[{"href":"https:\/\/saludsinaloa.gob.mx\/index.php\/wp-json\/wp\/v2\/posts\/8201","targetHints":{"allow":["GET"]}}],"collection":[{"href":"https:\/\/saludsinaloa.gob.mx\/index.php\/wp-json\/wp\/v2\/posts"}],"about":[{"href":"https:\/\/saludsinaloa.gob.mx\/index.php\/wp-json\/wp\/v2\/types\/post"}],"author":[{"embeddable":true,"href":"https:\/\/saludsinaloa.gob.mx\/index.php\/wp-json\/wp\/v2\/users\/1"}],"replies":[{"embeddable":true,"href":"https:\/\/saludsinaloa.gob.mx\/index.php\/wp-json\/wp\/v2\/comments?post=8201"}],"version-history":[{"count":1,"href":"https:\/\/saludsinaloa.gob.mx\/index.php\/wp-json\/wp\/v2\/posts\/8201\/revisions"}],"predecessor-version":[{"id":8203,"href":"https:\/\/saludsinaloa.gob.mx\/index.php\/wp-json\/wp\/v2\/posts\/8201\/revisions\/8203"}],"wp:featuredmedia":[{"embeddable":true,"href":"https:\/\/saludsinaloa.gob.mx\/index.php\/wp-json\/wp\/v2\/media\/8202"}],"wp:attachment":[{"href":"https:\/\/saludsinaloa.gob.mx\/index.php\/wp-json\/wp\/v2\/media?parent=8201"}],"wp:term":[{"taxonomy":"category","embeddable":true,"href":"https:\/\/saludsinaloa.gob.mx\/index.php\/wp-json\/wp\/v2\/categories?post=8201"},{"taxonomy":"post_tag","embeddable":true,"href":"https:\/\/saludsinaloa.gob.mx\/index.php\/wp-json\/wp\/v2\/tags?post=8201"}],"curies":[{"name":"wp","href":"https:\/\/api.w.org\/{rel}","templated":true}]}}