{"id":8072,"date":"2019-09-11T12:16:01","date_gmt":"2019-09-11T12:16:01","guid":{"rendered":"http:\/\/saludsinaloa.gob.mx\/?p=8072"},"modified":"2019-09-11T20:28:36","modified_gmt":"2019-09-11T20:28:36","slug":"sinaloa-aplicara-las-7-acciones-de-la-beneficencia-publica-nacional-11-de-septiembre-2019","status":"publish","type":"post","link":"https:\/\/saludsinaloa.gob.mx\/index.php\/2019\/09\/11\/sinaloa-aplicara-las-7-acciones-de-la-beneficencia-publica-nacional-11-de-septiembre-2019\/","title":{"rendered":"SINALOA APLICAR\u00c1 LAS 7 ACCIONES DE LA BENEFICENCIA P\u00daBLICA NACIONAL. 11 de Septiembre 2019"},"content":{"rendered":"<p><a href=\"http:\/\/saludsinaloa.gob.mx\/wp-content\/uploads\/2017\/boletines\/11-09-2019-SINALOA APLICARA\u0301 LAS 7 ACCIONES DE LA BENEFICENCIA PU\u0301BLICA NACIONAL.pdf\">Descargar<\/a><\/p>\n<p style=\"font-weight: 400;\"><strong>SINALOA APLICAR\u00c1 LAS 7 ACCIONES DE LA BENEFICENCIA P\u00daBLICA NACIONAL<\/strong><\/p>\n<p style=\"font-weight: 400;\"><strong>\u00a0<\/strong><\/p>\n<p style=\"font-weight: 400;\"><em>*Con esto se beneficiar\u00e1 a sinaloenses en situaci\u00f3n de carencia con programas sociales como auxiliares auditivos, pr\u00f3tesis de cadera y rodilla, lentes intraoculares, lentes de armaz\u00f3n, aparatos funcionales, expansores y pr\u00f3tesis de mama.<\/em><\/p>\n<p style=\"font-weight: 400;\">\n<p style=\"font-weight: 400;\">Culiac\u00e1n, Sinaloa, 11 de septiembre del 2019; Durante el Encuentro Nacional de Beneficencias Publicas realizado del 05 al 06 de septiembre en Acapulco Guerrero, se lograron acuerdos importantes sobre los Programas Sociales que establece la Beneficencia P\u00fablica Nacional hacia los 32 estados del pa\u00eds, lo que beneficiar\u00e1 de manera directa a los Sinaloenses con la aplicacion de las 7 acciones con programas sociales como; auxiliares auditivos, pr\u00f3tesis de cadera y rodilla, lentes intraoculares, lentes de armaz\u00f3n, aparatos funcionales, expansores y pr\u00f3tesis de mama, inform\u00f3 Carolina Hern\u00e1ndez Matus, Directora de la Beneficencia P\u00fablica de Sinaloa.<\/p>\n<p style=\"font-weight: 400;\">\n<p style=\"font-weight: 400;\">Explic\u00f3 que, durante el encuentro nacional, se revisaron los apoyos disponibles y las diversas necesidades que tiene cada entidad federativa, logrando as\u00ed establecer que cada estado contar\u00e1 con los programas ya mencionados de acuerdo al n\u00famero de poblaci\u00f3n y las solicitudes de expedientes cl\u00ednicos que se presenten.<\/p>\n<p style=\"font-weight: 400;\">\n<p style=\"font-weight: 400;\">\u201cLa beneficencia nacional ahora est\u00e1 trabajando de manera distinta ahora es de acuerdo al n\u00famero de habitantes que tengas en tu estado y de acuerdo a la necesidad que has estado presentando o solicitando es lo que se te asigna se env\u00eda el monto, primero se env\u00eda el expediente ellos revisan el expediente y ya si da positivo o negativo ellos te dicen los que se aprueban, debido a eso quisimos trabajar de manera distinta y por primera vez quisimos participar en las siete acciones\u201d, coment\u00f3.<\/p>\n<p style=\"font-weight: 400;\">\n<p style=\"font-weight: 400;\">Record\u00f3 que Sinaloa recientemente, en coordinaci\u00f3n con el Sistema DIF Sinaloa encabezado por la Sra. Rosy Fuentes de Ordaz, ya se aplic\u00f3 el Programa de auxiliares auditivos y lentes de armaz\u00f3n durante este a\u00f1o, con la entrega de 217 lentes de armaz\u00f3n y 196 aparatos auditivos monto asignado por la Beneficencia P\u00fablica Nacional.<\/p>\n<p style=\"font-weight: 400;\">\n<p style=\"font-weight: 400;\">Agreg\u00f3 que durante el mes de septiembre se otorgar\u00e1n las pr\u00f3tesis dentales, mientras que en octubre se dar\u00e1n expansores y pr\u00f3tesis de mama, en el mes de noviembre se tendr\u00e1 la jornada de pr\u00f3tesis de cadera y rodilla y en diciembre el programa de lentes intraoculares.<\/p>\n<p style=\"font-weight: 400;\">\n<p style=\"font-weight: 400;\">Record\u00f3 que todo ello es en coordinaci\u00f3n con la Secretar\u00eda de Salud de Sinaloa, el Sistema DIF Sinaloa y\u00a0 los 18 DIF municipales, ya que de esta manera los DIF colaboran en la canalizaci\u00f3n de beneficiarios para que los diversos apoyos lleguen a quienes m\u00e1s lo necesitan.<\/p>\n<p>&nbsp;<\/p>\n<p>&nbsp;<\/p>\n<p>&nbsp;<\/p>\n<p>Fuente: Departamento de Comunicaci\u00f3n Social a Septiembre del 2019<br \/>\nElabor\u00f3: Departamento de Comunicaci\u00f3n Social \u2013 SECRETAR\u00cdA DE SALUD DEL ESTADO DE SINALOA.<\/p>\n","protected":false},"excerpt":{"rendered":"<p>Descargar SINALOA APLICAR\u00c1 LAS 7 ACCIONES DE LA BENEFICENCIA P\u00daBLICA NACIONAL \u00a0 *Con esto se beneficiar\u00e1 a sinaloenses en situaci\u00f3n de carencia con programas sociales como auxiliares auditivos, pr\u00f3tesis de cadera y rodilla, lentes intraoculares, lentes de armaz\u00f3n, aparatos funcionales, expansores y pr\u00f3tesis de mama. Culiac\u00e1n, Sinaloa, 11 de septiembre del 2019; Durante el Encuentro [&hellip;]<\/p>\n","protected":false},"author":1,"featured_media":8073,"comment_status":"closed","ping_status":"open","sticky":false,"template":"","format":"standard","meta":{"footnotes":""},"categories":[4,3],"tags":[],"class_list":["post-8072","post","type-post","status-publish","format-standard","has-post-thumbnail","hentry","category-boletines-prensa","category-prensa"],"_links":{"self":[{"href":"https:\/\/saludsinaloa.gob.mx\/index.php\/wp-json\/wp\/v2\/posts\/8072","targetHints":{"allow":["GET"]}}],"collection":[{"href":"https:\/\/saludsinaloa.gob.mx\/index.php\/wp-json\/wp\/v2\/posts"}],"about":[{"href":"https:\/\/saludsinaloa.gob.mx\/index.php\/wp-json\/wp\/v2\/types\/post"}],"author":[{"embeddable":true,"href":"https:\/\/saludsinaloa.gob.mx\/index.php\/wp-json\/wp\/v2\/users\/1"}],"replies":[{"embeddable":true,"href":"https:\/\/saludsinaloa.gob.mx\/index.php\/wp-json\/wp\/v2\/comments?post=8072"}],"version-history":[{"count":1,"href":"https:\/\/saludsinaloa.gob.mx\/index.php\/wp-json\/wp\/v2\/posts\/8072\/revisions"}],"predecessor-version":[{"id":8074,"href":"https:\/\/saludsinaloa.gob.mx\/index.php\/wp-json\/wp\/v2\/posts\/8072\/revisions\/8074"}],"wp:featuredmedia":[{"embeddable":true,"href":"https:\/\/saludsinaloa.gob.mx\/index.php\/wp-json\/wp\/v2\/media\/8073"}],"wp:attachment":[{"href":"https:\/\/saludsinaloa.gob.mx\/index.php\/wp-json\/wp\/v2\/media?parent=8072"}],"wp:term":[{"taxonomy":"category","embeddable":true,"href":"https:\/\/saludsinaloa.gob.mx\/index.php\/wp-json\/wp\/v2\/categories?post=8072"},{"taxonomy":"post_tag","embeddable":true,"href":"https:\/\/saludsinaloa.gob.mx\/index.php\/wp-json\/wp\/v2\/tags?post=8072"}],"curies":[{"name":"wp","href":"https:\/\/api.w.org\/{rel}","templated":true}]}}