{"id":8024,"date":"2019-09-02T10:15:35","date_gmt":"2019-09-02T10:15:35","guid":{"rendered":"http:\/\/saludsinaloa.gob.mx\/?p=8024"},"modified":"2019-09-02T20:18:05","modified_gmt":"2019-09-02T20:18:05","slug":"en-marcha-2da-etapa-del-programa-pura-prevencion-puro-sinaloa-02-de-septiembre-del-2019","status":"publish","type":"post","link":"https:\/\/saludsinaloa.gob.mx\/index.php\/2019\/09\/02\/en-marcha-2da-etapa-del-programa-pura-prevencion-puro-sinaloa-02-de-septiembre-del-2019\/","title":{"rendered":"EN MARCHA 2DA. ETAPA DEL PROGRAMA PURA PREVENCI\u00d3N, PURO SINALOA. 02 de Septiembre del 2019"},"content":{"rendered":"<p><a href=\"http:\/\/saludsinaloa.gob.mx\/wp-content\/uploads\/2017\/boletines\/02-09-2019-EN MARCHA 2DA. ETAPA DEL PROGRAMA PURA PREVENCIO\u0301N, PURO SINALOA.pdf\">Descargar<\/a><\/p>\n<p style=\"font-weight: 400;\"><strong>EN MARCHA 2DA. ETAPA DEL PROGRAMA PURA PREVENCI\u00d3N, PURO SINALOA<\/strong><\/p>\n<p style=\"font-weight: 400;\">\n<p style=\"font-weight: 400;\"><em>*Llegar\u00e1 a 70 escuelas de los 18 municipios del estado durante el Ciclo Escolar 2019-2020.<\/em><\/p>\n<p style=\"font-weight: 400;\">\n<p style=\"font-weight: 400;\">Mazatl\u00e1n, Sinaloa, 2 de septiembre de 2019; En el marco de la colaboraci\u00f3n de la Secretar\u00eda de Salud, Secretar\u00eda de Educaci\u00f3n P\u00fablica y Cultura, la Secretar\u00eda de Seguridad P\u00fablica y el Secretariado Ejecutivo de Seguridad, inicio las actividades la segunda etapa del programa \u201cPura Prevenci\u00f3n, Puro Sinaloa\u201d.<\/p>\n<p style=\"font-weight: 400;\">\n<p style=\"font-weight: 400;\">Esta etapa tiene como objetivo la prevenci\u00f3n de la salud de las y los adolescentes en el entorno escolar. Abordar\u00e1 estrategias y talleres para alumnos, maestros y padres de familia en 70 escuelas secundarias detectadas en situaciones de riesgo.<\/p>\n<p style=\"font-weight: 400;\">\n<p style=\"font-weight: 400;\">El arranque fue en la Escuela Secundaria T\u00e9cnica #5 del puerto de Mazatl\u00e1n, y busca reducir la cantidad de alumnos en riesgo de adicciones, y que sean consientes que las actividades a realizar es por el bien de su salud f\u00edsica y emocional, destac\u00f3 el Dr. Efr\u00e9n Encinas Torres, Secretario de Salud.<\/p>\n<p style=\"font-weight: 400;\">\n<p style=\"font-weight: 400;\">\u201cY aqu\u00ed, en la segunda etapa del programa Pura Prevenci\u00f3n, Puro Sinaloa, resalta el nivel que ustedes j\u00f3venes de esta escuela secundaria mantienen, representan ustedes un bajo riesgo, sigan igual, aqu\u00ed ustedes tienen que mantener el autocuidado para su salud, ustedes alumnas y alumnos son el presente y el futuro de Sinaloa, de M\u00e9xico y del mundo siempre\u201d, expres\u00f3.<\/p>\n<p style=\"font-weight: 400;\">\n<p style=\"font-weight: 400;\">Por su parte, el titular de la Secretar\u00eda de Educaci\u00f3n P\u00fablica y Cultura en la entidad, Dr. Juan Alfonso Mej\u00eda Torres, dijo que ser\u00e1 un aproximado de 32 mil j\u00f3venes los que recibir\u00e1n conocimientos en materia de adicciones, sexualidad, salud mental, redes sociales, entre otros.<\/p>\n<p style=\"font-weight: 400;\">\n<p style=\"font-weight: 400;\">\u201cYa se ha aplicado un tamizaje que se llama Posit, y el resultado ha dicho que el 17 por ciento de nuestros j\u00f3venes tienen riesgo de caer en alguna adicci\u00f3n, lo que nos dice el tamizaje es que el factor de riesgo m\u00e1s importante son los amigos y las amigas, y por eso empec\u00e9 por la identidad, porque que valor se requiere para decir no\u201d, dijo.<\/p>\n<p style=\"font-weight: 400;\">\n<p style=\"font-weight: 400;\">Asimismo, en coordinaci\u00f3n con la direcci\u00f3n de las escuelas secundarias participantes se formar\u00e1n grupos de docentes y padres de familia para lograr abarcar a toda la comunidad escolar en temas preventivos.<\/p>\n<p style=\"font-weight: 400;\">\n<p style=\"font-weight: 400;\">Posterior a la aplicaci\u00f3n del programa \u201cPuras Prevenci\u00f3n, Puro Sinaloa\u201d en las escuelas, se realizar\u00e1 un nuevo tamizaje con el objetivo de cuantificar la mejora en la reducci\u00f3n de los j\u00f3venes en riesgo, principal indicador.<\/p>\n<p style=\"font-weight: 400;\">\n<p style=\"font-weight: 400;\">En este importante evento se dieron cita personalidades como el Coronel Sergio Pi\u00f1eiro Camacho, Subsecretario de Estudios, Proyectos y Desarrollo de Seguridad P\u00fablica Estatal, en representaci\u00f3n del Teniente Coronel Crist\u00f3bal Casta\u00f1eda, Secretario de Seguridad P\u00fablica; en representaci\u00f3n del Q.F.B. Luis Guillermo Ben\u00edtez, Presidente Municipal de Mazatl\u00e1n, asiste Mar\u00eda Isabela Gamboa Gonz\u00e1lez, Regidora e integrante de la Comisi\u00f3n de Educaci\u00f3n; Ing. Renato Ocampo Alc\u00e1ntar, Secretario Ejecutivo del Sistema Estatal de Seguridad P\u00fablica; Dr. V\u00edctor Hugo S\u00e1nchez Malof, Subsecretario de Atenci\u00f3n M\u00e9dica; Lic. Liliana Ang\u00e9lica C\u00e1rdenas Valenzuela, Subsecretaria de Vinculaci\u00f3n Social en SEPyC; Lic. Margarita Ur\u00edas Burgos, Secretaria Ejecutiva de SIPINNA Sinaloa; Lic. Martha Ofelia Meza Escalante, Secretaria General de CEPAVIF; Dr. Cristhian Aldo Mu\u00f1oz Madrid, Comisionado Estatal para la Prevenci\u00f3n, Tratamiento y Control de las Adicciones; Dra. Reyna Araceli Tirado Galvez, Directora General del ISMUJERES; Mtro. Jos\u00e9 Carlos \u00c1lvarez Ortega, presidente de la Comisi\u00f3n Estatal de Derechos Humanos; Profr. Jacobo Garc\u00eda Rodr\u00edguez, Director de la Escuela Secundaria T\u00e9cnica #5, entre otras.<\/p>\n<p>&nbsp;<\/p>\n<p>Fuente: Departamento de Comunicaci\u00f3n Social a Septiembre del 2019<br \/>\nElabor\u00f3: Departamento de Comunicaci\u00f3n Social \u2013 SECRETAR\u00cdA DE SALUD DEL ESTADO DE SINALOA.<\/p>\n","protected":false},"excerpt":{"rendered":"<p>Descargar EN MARCHA 2DA. ETAPA DEL PROGRAMA PURA PREVENCI\u00d3N, PURO SINALOA *Llegar\u00e1 a 70 escuelas de los 18 municipios del estado durante el Ciclo Escolar 2019-2020. Mazatl\u00e1n, Sinaloa, 2 de septiembre de 2019; En el marco de la colaboraci\u00f3n de la Secretar\u00eda de Salud, Secretar\u00eda de Educaci\u00f3n P\u00fablica y Cultura, la Secretar\u00eda de Seguridad P\u00fablica [&hellip;]<\/p>\n","protected":false},"author":1,"featured_media":8027,"comment_status":"closed","ping_status":"open","sticky":false,"template":"","format":"standard","meta":{"footnotes":""},"categories":[4,3],"tags":[],"class_list":["post-8024","post","type-post","status-publish","format-standard","has-post-thumbnail","hentry","category-boletines-prensa","category-prensa"],"_links":{"self":[{"href":"https:\/\/saludsinaloa.gob.mx\/index.php\/wp-json\/wp\/v2\/posts\/8024","targetHints":{"allow":["GET"]}}],"collection":[{"href":"https:\/\/saludsinaloa.gob.mx\/index.php\/wp-json\/wp\/v2\/posts"}],"about":[{"href":"https:\/\/saludsinaloa.gob.mx\/index.php\/wp-json\/wp\/v2\/types\/post"}],"author":[{"embeddable":true,"href":"https:\/\/saludsinaloa.gob.mx\/index.php\/wp-json\/wp\/v2\/users\/1"}],"replies":[{"embeddable":true,"href":"https:\/\/saludsinaloa.gob.mx\/index.php\/wp-json\/wp\/v2\/comments?post=8024"}],"version-history":[{"count":1,"href":"https:\/\/saludsinaloa.gob.mx\/index.php\/wp-json\/wp\/v2\/posts\/8024\/revisions"}],"predecessor-version":[{"id":8028,"href":"https:\/\/saludsinaloa.gob.mx\/index.php\/wp-json\/wp\/v2\/posts\/8024\/revisions\/8028"}],"wp:featuredmedia":[{"embeddable":true,"href":"https:\/\/saludsinaloa.gob.mx\/index.php\/wp-json\/wp\/v2\/media\/8027"}],"wp:attachment":[{"href":"https:\/\/saludsinaloa.gob.mx\/index.php\/wp-json\/wp\/v2\/media?parent=8024"}],"wp:term":[{"taxonomy":"category","embeddable":true,"href":"https:\/\/saludsinaloa.gob.mx\/index.php\/wp-json\/wp\/v2\/categories?post=8024"},{"taxonomy":"post_tag","embeddable":true,"href":"https:\/\/saludsinaloa.gob.mx\/index.php\/wp-json\/wp\/v2\/tags?post=8024"}],"curies":[{"name":"wp","href":"https:\/\/api.w.org\/{rel}","templated":true}]}}