{"id":8008,"date":"2019-08-29T06:34:14","date_gmt":"2019-08-29T06:34:14","guid":{"rendered":"http:\/\/saludsinaloa.gob.mx\/?p=8008"},"modified":"2019-08-29T18:41:36","modified_gmt":"2019-08-29T18:41:36","slug":"llevar-los-centros-de-rehabilitacion-hacia-una-acreditacion-es-un-compromiso-del-gobierno-de-sinaloa-ceptca-29-de-agosto-del-2019","status":"publish","type":"post","link":"https:\/\/saludsinaloa.gob.mx\/index.php\/2019\/08\/29\/llevar-los-centros-de-rehabilitacion-hacia-una-acreditacion-es-un-compromiso-del-gobierno-de-sinaloa-ceptca-29-de-agosto-del-2019\/","title":{"rendered":"LLEVAR LOS CENTROS DE REHABILITACI\u00d3N HACIA UNA ACREDITACI\u00d3N ES UN COMPROMISO DEL GOBIERNO DE SINALOA: CEPTCA. 29 de agosto del 2019"},"content":{"rendered":"<p><a href=\"http:\/\/saludsinaloa.gob.mx\/wp-content\/uploads\/2017\/boletines\/29-08-2019 LLEVAR LOS CENTROS DE REHABILITACION HACIA UNA ACREDITACION.pdf\">Descargar<\/a><\/p>\n<p><strong>LLEVAR LOS CENTROS DE REHABILITACI\u00d3N HACIA UNA ACREDITACI\u00d3N ES UN COMPROMISO DEL GOBIERNO DE SINALOA: CEPTCA<\/strong><\/p>\n<p><em>*Este domingo 01 de septiembre se realizar\u00e1 el D\u00e9cimo Tercer Foro de Centros de Residenciales en el municipio de Mazatl\u00e1n<\/em><\/p>\n<p><strong>Culiac\u00e1n, Sinaloa, 29 de agosto del 2019<\/strong>; Bajo los lemas \u201cFortaleciendo tu familia, te fortaleces t\u00fa\u201d y \u201cHacia una Acreditaci\u00f3n\u201d, la Secretar\u00eda de Salud de Sinaloa, a trav\u00e9s de la Comisi\u00f3n Estatal de Prevenci\u00f3n, Tratamiento y Control de las Adicciones CEPTCA, llevar\u00e1 al cabo el 13vo Foro de Centros Residenciales en el municipio de Mazatl\u00e1n, donde se dar\u00e1n cita los directores de los Centros de Rehabilitaci\u00f3n del Estado con la finalidad de sensibilizar e informar\u00a0 sobre los est\u00e1ndares que deben cumplir para mejorar la calidad y calidez en los procesos de rehabilitaci\u00f3n de las personas que padecen de alguna adicci\u00f3n, inform\u00f3 el Dr. Cristhian Aldo Mu\u00f1oz Madrid, Comisionado Estatal de CEPTCA.<\/p>\n<p>El Comisionado, detall\u00f3 que, gracias a este tipo de Foros y capacitaciones los Centros de Rehabilitaci\u00f3n han logrado tener un rumbo diferente, pues actualmente se tiene un registro de 144 Centros en el Estado, de los cuales 32 se han logrado acreditar por la Comisi\u00f3n Nacional Contra las Adicciones y se estima que al finalizar este a\u00f1o se tengan alrededor de 50 Centros de Rehabilitaci\u00f3n acreditados por la autoridad federal.<\/p>\n<p>\u201cA\u00f1o con a\u00f1o se realiza un Congreso Estatal de Centros y hacemos una carta descriptiva del evento enfocada a la formaci\u00f3n y capacitaci\u00f3n, este a\u00f1o es el 13 foro estatal que se realiza en Sinaloa y casi siempre hemos tenido el gran apoyo del gobierno federal con el recurso etiquetado para este tipo de eventos y del gobierno estatal gracias al apoyo del Lic. Quirino Ordaz Coppel, de una manera muy responsable para que esta comisi\u00f3n siga vigente y sobre todo del Secretario, Efr\u00e9n Encinas\u201d, manifest\u00f3.<\/p>\n<p>Detall\u00f3 que durante el D\u00e9cimo Tercer Foro de Centros Residenciales \u201cFortaleciendo a tu familia, te fortaleces t\u00fa\u201d, \u201cHacia una Acreditaci\u00f3n\u201d, se tratar\u00e1n temas de suma importancia que tienen que ver con la labor que hacen los ciudadanos para la conformaci\u00f3n de comit\u00e9s vecinales, para aquellos que realizan trabajos comunitarios, lo cual aclar\u00f3 ha sido de gran val\u00eda para los mismos pacientes ya que al realizar trabajos comunitarios como pintar escuelas, limpiar playas y colaborar en la descacharrizaci\u00f3n para evitar enfermedades de vectores, les sirve de terapia ocupacional y se les apoya para subsidiar su estancia en los Centros de Rehabilitaci\u00f3n.<\/p>\n<p>Asimismo, se abordar\u00e1n temas de los problemas que enfrentan las familias con un integrante que padece adicciones como el consumo de alcohol, as\u00ed como temas con c\u00e9dulas de superaci\u00f3n, ISSMUJERES, SIPINNA, CEPAVI, la trata de personas, entre otros.<\/p>\n<p>&nbsp;<\/p>\n<p>&nbsp;<\/p>\n<p>&nbsp;<\/p>\n<p>Fuente: Departamento de Comunicaci\u00f3n Social a Agosto del 2019<br \/>\nElabor\u00f3: Departamento de Comunicaci\u00f3n Social \u2013 SECRETAR\u00cdA DE SALUD DEL ESTADO DE SINALOA.<\/p>\n","protected":false},"excerpt":{"rendered":"<p>Descargar LLEVAR LOS CENTROS DE REHABILITACI\u00d3N HACIA UNA ACREDITACI\u00d3N ES UN COMPROMISO DEL GOBIERNO DE SINALOA: CEPTCA *Este domingo 01 de septiembre se realizar\u00e1 el D\u00e9cimo Tercer Foro de Centros de Residenciales en el municipio de Mazatl\u00e1n Culiac\u00e1n, Sinaloa, 29 de agosto del 2019; Bajo los lemas \u201cFortaleciendo tu familia, te fortaleces t\u00fa\u201d y \u201cHacia [&hellip;]<\/p>\n","protected":false},"author":1,"featured_media":8009,"comment_status":"closed","ping_status":"open","sticky":false,"template":"","format":"standard","meta":{"footnotes":""},"categories":[4,3],"tags":[],"class_list":["post-8008","post","type-post","status-publish","format-standard","has-post-thumbnail","hentry","category-boletines-prensa","category-prensa"],"_links":{"self":[{"href":"https:\/\/saludsinaloa.gob.mx\/index.php\/wp-json\/wp\/v2\/posts\/8008","targetHints":{"allow":["GET"]}}],"collection":[{"href":"https:\/\/saludsinaloa.gob.mx\/index.php\/wp-json\/wp\/v2\/posts"}],"about":[{"href":"https:\/\/saludsinaloa.gob.mx\/index.php\/wp-json\/wp\/v2\/types\/post"}],"author":[{"embeddable":true,"href":"https:\/\/saludsinaloa.gob.mx\/index.php\/wp-json\/wp\/v2\/users\/1"}],"replies":[{"embeddable":true,"href":"https:\/\/saludsinaloa.gob.mx\/index.php\/wp-json\/wp\/v2\/comments?post=8008"}],"version-history":[{"count":1,"href":"https:\/\/saludsinaloa.gob.mx\/index.php\/wp-json\/wp\/v2\/posts\/8008\/revisions"}],"predecessor-version":[{"id":8010,"href":"https:\/\/saludsinaloa.gob.mx\/index.php\/wp-json\/wp\/v2\/posts\/8008\/revisions\/8010"}],"wp:featuredmedia":[{"embeddable":true,"href":"https:\/\/saludsinaloa.gob.mx\/index.php\/wp-json\/wp\/v2\/media\/8009"}],"wp:attachment":[{"href":"https:\/\/saludsinaloa.gob.mx\/index.php\/wp-json\/wp\/v2\/media?parent=8008"}],"wp:term":[{"taxonomy":"category","embeddable":true,"href":"https:\/\/saludsinaloa.gob.mx\/index.php\/wp-json\/wp\/v2\/categories?post=8008"},{"taxonomy":"post_tag","embeddable":true,"href":"https:\/\/saludsinaloa.gob.mx\/index.php\/wp-json\/wp\/v2\/tags?post=8008"}],"curies":[{"name":"wp","href":"https:\/\/api.w.org\/{rel}","templated":true}]}}