{"id":7945,"date":"2019-08-23T10:33:24","date_gmt":"2019-08-23T10:33:24","guid":{"rendered":"http:\/\/saludsinaloa.gob.mx\/?p=7945"},"modified":"2019-08-23T17:44:37","modified_gmt":"2019-08-23T17:44:37","slug":"al-momento-ivo-no-ha-generado-contingencia-sanitaria-en-sinaloa-dr-efren-encinas-torres-23-de-agosto-del-2019","status":"publish","type":"post","link":"https:\/\/saludsinaloa.gob.mx\/index.php\/2019\/08\/23\/al-momento-ivo-no-ha-generado-contingencia-sanitaria-en-sinaloa-dr-efren-encinas-torres-23-de-agosto-del-2019\/","title":{"rendered":"AL MOMENTO &#8220;IVO&#8221; NO HA GENERADO CONTINGENCIA SANITARIA EN SINALOA; DR. EFR\u00c9N ENCINAS TORRES. 23 de Agosto del 2019"},"content":{"rendered":"<p><a href=\"http:\/\/saludsinaloa.gob.mx\/wp-content\/uploads\/2017\/boletines\/23-08-2019 AL MOMENTO _IVO_ NO HA GENERADO CONTINGENCIA SANITARIA EN SINALOA_ DR. EFRE\u0301N ENCINAS TORRES.pdf\">Descargar<\/a><\/p>\n<p style=\"font-weight: 400;\"><strong>AL MOMENTO &#8220;IVO&#8221; NO HA GENERADO CONTINGENCIA SANITARIA EN SINALOA; DR. EFR\u00c9N ENCINAS TORRES<\/strong><\/p>\n<p style=\"font-weight: 400;\"><em>*Autoridades recorren zonas afectadas por el fen\u00f3meno meteorol\u00f3gico\u00a0 en municipios de Mazatl\u00e1n y El Rosario.<\/em><\/p>\n<p style=\"font-weight: 400;\">Mazatl\u00e1n, Sinaloa, 23 agosto 2019; En un recorrido por zonas afectadas en el sur del Estado por la tormenta &#8220;Ivo&#8221;, el Dr. Efr\u00e9n Encinas Torres, inform\u00f3 que al momento no se registra una situaci\u00f3n de contingencia sanitaria por las lluvias fuertes registradas en los \u00faltimos d\u00edas, principalmente en los municipios de Mazatl\u00e1n y el Rosario.<\/p>\n<p style=\"font-weight: 400;\">Detall\u00f3 que la Secretar\u00eda de Salud de Sinaloa, trabaja en comunicaci\u00f3n permanente con el Comit\u00e9 Estatal de Protecci\u00f3n Civil, como miembro del mismo, y en cuanto al sector salud se refiere, se tiene cubierta la atenci\u00f3n en los 18 municipios a trav\u00e9s de las Jurisdicciones Sanitarias, asimismo inform\u00f3 que por fortuna ninguna de las casi 500 unidades de salud que se tienen en todo el estado han prestado afectaciones, a excepci\u00f3n del Hospital de Mochis y El Rosario las cuales presentaron afectaciones menores las cuales fueron atendidas en lo inmediato.<\/p>\n<p style=\"font-weight: 400;\">&#8220;Estamos coordinados para cualquier situaci\u00f3n que se presente, en cuanto al sector salud se refiere los 18 municipios est\u00e1n cubiertos por las Jurisdicciones Sanitarias y por fortuna al momento no se ha registrado ninguna contingencia mayor en materia de salud&#8221;, inform\u00f3.<\/p>\n<p style=\"font-weight: 400;\">Reiter\u00f3 que seguir\u00e1n los recorridos por zonas afectadas para dar todo el apoyo que sea necesario.<\/p>\n<p style=\"font-weight: 400;\">Adem\u00e1s indic\u00f3 que en el caso de zonas inundadas\u00a0\u00a0 ya se establecieron protocolos sanitarios en coordinaci\u00f3n con COEPRIS para la realizaci\u00f3n de algunas medidas como la\u00a0 calaci\u00f3n para evitar infecciones.<\/p>\n<p style=\"font-weight: 400;\">Detall\u00f3 que las afectaciones a la salud se pueden dar en un periodo de 4 a 8 semanas, por trasmisi\u00f3n de vectores, principalmente dengue, enfermedades gastrointestinales, diarreas, alteraciones de dermatosis y conjuntivitis.<\/p>\n<p style=\"font-weight: 400;\">Por ello, precis\u00f3 que ya se establecen mecanismos de vigilancia epidemiol\u00f3gica para la regulaci\u00f3n sanitaria, trabajos que ser\u00e1n realizados a trav\u00e9s de COEPRIS y \u00e1rea de vectores en coordinaci\u00f3n con los ayuntamientos.<\/p>\n<p>&nbsp;<\/p>\n<p>&nbsp;<\/p>\n<p>Fuente: Departamento de Comunicaci\u00f3n Social a Agosto del 2019<br \/>\nElabor\u00f3: Departamento de Comunicaci\u00f3n Social \u2013 SECRETAR\u00cdA DE SALUD DEL ESTADO DE SINALOA.<\/p>\n","protected":false},"excerpt":{"rendered":"<p>Descargar AL MOMENTO &#8220;IVO&#8221; NO HA GENERADO CONTINGENCIA SANITARIA EN SINALOA; DR. EFR\u00c9N ENCINAS TORRES *Autoridades recorren zonas afectadas por el fen\u00f3meno meteorol\u00f3gico\u00a0 en municipios de Mazatl\u00e1n y El Rosario. Mazatl\u00e1n, Sinaloa, 23 agosto 2019; En un recorrido por zonas afectadas en el sur del Estado por la tormenta &#8220;Ivo&#8221;, el Dr. Efr\u00e9n Encinas Torres, [&hellip;]<\/p>\n","protected":false},"author":1,"featured_media":7949,"comment_status":"closed","ping_status":"open","sticky":false,"template":"","format":"standard","meta":{"footnotes":""},"categories":[4,3],"tags":[],"class_list":["post-7945","post","type-post","status-publish","format-standard","has-post-thumbnail","hentry","category-boletines-prensa","category-prensa"],"_links":{"self":[{"href":"https:\/\/saludsinaloa.gob.mx\/index.php\/wp-json\/wp\/v2\/posts\/7945","targetHints":{"allow":["GET"]}}],"collection":[{"href":"https:\/\/saludsinaloa.gob.mx\/index.php\/wp-json\/wp\/v2\/posts"}],"about":[{"href":"https:\/\/saludsinaloa.gob.mx\/index.php\/wp-json\/wp\/v2\/types\/post"}],"author":[{"embeddable":true,"href":"https:\/\/saludsinaloa.gob.mx\/index.php\/wp-json\/wp\/v2\/users\/1"}],"replies":[{"embeddable":true,"href":"https:\/\/saludsinaloa.gob.mx\/index.php\/wp-json\/wp\/v2\/comments?post=7945"}],"version-history":[{"count":2,"href":"https:\/\/saludsinaloa.gob.mx\/index.php\/wp-json\/wp\/v2\/posts\/7945\/revisions"}],"predecessor-version":[{"id":7948,"href":"https:\/\/saludsinaloa.gob.mx\/index.php\/wp-json\/wp\/v2\/posts\/7945\/revisions\/7948"}],"wp:featuredmedia":[{"embeddable":true,"href":"https:\/\/saludsinaloa.gob.mx\/index.php\/wp-json\/wp\/v2\/media\/7949"}],"wp:attachment":[{"href":"https:\/\/saludsinaloa.gob.mx\/index.php\/wp-json\/wp\/v2\/media?parent=7945"}],"wp:term":[{"taxonomy":"category","embeddable":true,"href":"https:\/\/saludsinaloa.gob.mx\/index.php\/wp-json\/wp\/v2\/categories?post=7945"},{"taxonomy":"post_tag","embeddable":true,"href":"https:\/\/saludsinaloa.gob.mx\/index.php\/wp-json\/wp\/v2\/tags?post=7945"}],"curies":[{"name":"wp","href":"https:\/\/api.w.org\/{rel}","templated":true}]}}