{"id":7854,"date":"2019-08-11T06:15:16","date_gmt":"2019-08-11T06:15:16","guid":{"rendered":"http:\/\/saludsinaloa.gob.mx\/?p=7854"},"modified":"2019-08-12T15:43:49","modified_gmt":"2019-08-12T15:43:49","slug":"secretaria-de-salud-reliza-con-exito-caminata-en-pro-a-la-lactancia-materna-11-de-agosto-del-2019","status":"publish","type":"post","link":"https:\/\/saludsinaloa.gob.mx\/index.php\/2019\/08\/11\/secretaria-de-salud-reliza-con-exito-caminata-en-pro-a-la-lactancia-materna-11-de-agosto-del-2019\/","title":{"rendered":"SECRETAR\u00cdA DE SALUD RELIZA CON \u00c9XITO CAMINATA EN PRO A LA LACTANCIA MATERNA. 11 de agosto del 2019"},"content":{"rendered":"<p><a href=\"http:\/\/saludsinaloa.gob.mx\/wp-content\/uploads\/2017\/boletines\/11-08-2019 CARRERA LACTANCIA.pdf\">Descargar<\/a><\/p>\n<p><strong>SECRETAR\u00cdA DE SALUD RELIZA CON \u00c9XITO CAMINATA EN PRO A LA LACTANCIA MATERNA<\/strong><\/p>\n<p><em>\u00a0<\/em><em>*M\u00e9dicos, enfermeras y poblaci\u00f3n en general, todos se unieron en pro de mejorar la sala de lactancia materna del Hospital de la Mujer que beneficia a mam\u00e1s y ni\u00f1os sinaloenses <\/em><\/p>\n<p><strong>\u00a0<\/strong><strong>Culiac\u00e1n, Sinaloa, 11 de agosto del 2019;<\/strong> En punto de las 7:00 de la ma\u00f1ana, personal de la Secretar\u00eda de Salud y poblaci\u00f3n en general, dieron inicio a la caminata familiar de 5 kil\u00f3metros a favor de promover y mejorar la sala de lactancia materna en el Hospital de la Mujer, que beneficia de manera directa a madres e hijos sinaloenses.<\/p>\n<p>Encabezado por el\u00a0 Dr. Efr\u00e9n Encinas Torres, Secretario de Salud en Sinaloa, quien record\u00f3 que la lactancia materna es la mejor manera de proteger a las y los ni\u00f1os de enfermedades a corto y largo plazo.<\/p>\n<p>Indic\u00f3 que es a trav\u00e9s de la lactancia materna la forma ideal de aportar a los ni\u00f1os peque\u00f1os los nutrientes que necesitan para su crecimiento y un desarrollo saludable.<\/p>\n<p>Detall\u00f3 que, por ello, la Secretar\u00eda de Salud de Sinaloa realiz\u00f3 diversas actividades en conmemoraci\u00f3n a la Semana Mundial de la Lactancia Materna, tales como talleres, exposici\u00f3n fotogr\u00e1fica y concluyendo con la caminata familiar realizada\u00a0 este domingo.<\/p>\n<p>&#8220;Agradecer a todos los participantes, el grupo de la Secretar\u00eda de Salud, voluntariado, liga de la leche, a todos los trabajadores que participaron, a la poblaci\u00f3n que vino, agradecer desde luego a los patrocinadores en esta caminata de 5 kil\u00f3metros, de verdad es un placer, un reconocimiento a todos para recordar las acciones tan ben\u00e9ficas que tiene la lactancia&#8221;, manifest\u00f3.<\/p>\n<p>Cabe mencionar que al concluir la carrera, se realiz\u00f3 la rifa de una pantalla plasma, bicicleta, entre otros premios.<\/p>\n<p>La Organizaci\u00f3n Mundial de la Salud recomienda la lactancia materna exclusiva durante los primeros seis meses, la introducci\u00f3n de alimentos apropiados para la edad y seguros a partir de entonces, y el mantenimiento de la lactancia materna hasta los 2 a\u00f1os o m\u00e1s.<\/p>\n<p>&nbsp;<\/p>\n<p>&nbsp;<\/p>\n<p>&nbsp;<\/p>\n<p>Fuente: Departamento de Comunicaci\u00f3n Social a Agosto del 2019<br \/>\nElabor\u00f3: Departamento de Comunicaci\u00f3n Social \u2013 SECRETAR\u00cdA DE SALUD DEL ESTADO DE SINALOA.<\/p>\n","protected":false},"excerpt":{"rendered":"<p>Descargar SECRETAR\u00cdA DE SALUD RELIZA CON \u00c9XITO CAMINATA EN PRO A LA LACTANCIA MATERNA \u00a0*M\u00e9dicos, enfermeras y poblaci\u00f3n en general, todos se unieron en pro de mejorar la sala de lactancia materna del Hospital de la Mujer que beneficia a mam\u00e1s y ni\u00f1os sinaloenses \u00a0Culiac\u00e1n, Sinaloa, 11 de agosto del 2019; En punto de las [&hellip;]<\/p>\n","protected":false},"author":1,"featured_media":7855,"comment_status":"closed","ping_status":"open","sticky":false,"template":"","format":"standard","meta":{"footnotes":""},"categories":[4,3],"tags":[],"class_list":["post-7854","post","type-post","status-publish","format-standard","has-post-thumbnail","hentry","category-boletines-prensa","category-prensa"],"_links":{"self":[{"href":"https:\/\/saludsinaloa.gob.mx\/index.php\/wp-json\/wp\/v2\/posts\/7854","targetHints":{"allow":["GET"]}}],"collection":[{"href":"https:\/\/saludsinaloa.gob.mx\/index.php\/wp-json\/wp\/v2\/posts"}],"about":[{"href":"https:\/\/saludsinaloa.gob.mx\/index.php\/wp-json\/wp\/v2\/types\/post"}],"author":[{"embeddable":true,"href":"https:\/\/saludsinaloa.gob.mx\/index.php\/wp-json\/wp\/v2\/users\/1"}],"replies":[{"embeddable":true,"href":"https:\/\/saludsinaloa.gob.mx\/index.php\/wp-json\/wp\/v2\/comments?post=7854"}],"version-history":[{"count":1,"href":"https:\/\/saludsinaloa.gob.mx\/index.php\/wp-json\/wp\/v2\/posts\/7854\/revisions"}],"predecessor-version":[{"id":7856,"href":"https:\/\/saludsinaloa.gob.mx\/index.php\/wp-json\/wp\/v2\/posts\/7854\/revisions\/7856"}],"wp:featuredmedia":[{"embeddable":true,"href":"https:\/\/saludsinaloa.gob.mx\/index.php\/wp-json\/wp\/v2\/media\/7855"}],"wp:attachment":[{"href":"https:\/\/saludsinaloa.gob.mx\/index.php\/wp-json\/wp\/v2\/media?parent=7854"}],"wp:term":[{"taxonomy":"category","embeddable":true,"href":"https:\/\/saludsinaloa.gob.mx\/index.php\/wp-json\/wp\/v2\/categories?post=7854"},{"taxonomy":"post_tag","embeddable":true,"href":"https:\/\/saludsinaloa.gob.mx\/index.php\/wp-json\/wp\/v2\/tags?post=7854"}],"curies":[{"name":"wp","href":"https:\/\/api.w.org\/{rel}","templated":true}]}}