{"id":7380,"date":"2019-05-30T06:34:40","date_gmt":"2019-05-30T06:34:40","guid":{"rendered":"http:\/\/saludsinaloa.gob.mx\/?p=7380"},"modified":"2019-05-31T18:43:11","modified_gmt":"2019-05-31T18:43:11","slug":"a-servir-con-enfoque-humanista-y-calidez-debe-ser-nuestro-dia-a-dia-dr-efren-encinas-torres-30-de-mayo-del-2019","status":"publish","type":"post","link":"https:\/\/saludsinaloa.gob.mx\/index.php\/2019\/05\/30\/a-servir-con-enfoque-humanista-y-calidez-debe-ser-nuestro-dia-a-dia-dr-efren-encinas-torres-30-de-mayo-del-2019\/","title":{"rendered":"A SERVIR CON ENFOQUE HUMANISTA Y CALIDEZ DEBE SER NUESTRO D\u00cdA A D\u00cdA: DR. EFREN ENCINAS TORRES. 30 de mayo del 2019"},"content":{"rendered":"<p><a href=\"http:\/\/saludsinaloa.gob.mx\/wp-content\/uploads\/2017\/boletines\/30-05-2019 A SERVIR CON ENFOQUE HUMANISTA Y CALIDEZ.pdf\">Descargar<\/a><\/p>\n<p><strong>A SERVIR CON ENFOQUE HUMANISTA Y CALIDEZ DEBE SER NUESTRO D\u00cdA A D\u00cdA: DR. EFREN ENCINAS TORRES<\/strong><\/p>\n<p><em>*Celebran Hospital General de Culiac\u00e1n Aniversario 29 y reconocen al Especialista en Neurolog\u00eda Dr. Fernando Guzm\u00e1n Reyes por su trayectoria, humanismo y dedicaci\u00f3n<\/em><\/p>\n<p><strong>Culiac\u00e1n, Sinaloa, 30 de mayo del 2019<\/strong>; El personal que integra el sistema de salud, desde enfermeras, m\u00e9dicos y especialistas, es el mejor recurso que tiene la Secretar\u00eda de Salud de Sinaloa, afirm\u00f3 el Dr. Efr\u00e9n Encinas Torres, titular de Salud en el Estado, quien llam\u00f3 a cada uno de los miembros de la dependencia a continuar con el humanismo y atenci\u00f3n de calidez que d\u00eda a d\u00eda deben de recibir los pacientes sinaloenses.<\/p>\n<p>As\u00ed lo mencion\u00f3 durante su discurso en la celebraci\u00f3n del Aniversario N\u00b0 29 del Hospital General de Culiac\u00e1n, \u201cDr. Bernardo J. Gast\u00e9lum\u201d, donde entrego el merecido reconocimiento al Especialista en Neurolog\u00eda Dr. Fernando Guzm\u00e1n Reyes por su trayectoria, humanismo y dedicaci\u00f3n que ha tenido en sus a\u00f1os de servicio en el HGC.<\/p>\n<p>\u201cEl enfoque humanista que tenemos que tener yo comparto plenamente esa idea, en el aspecto \u00e9tico, moral y humanista que nunca jam\u00e1s debemos de perderlo, a los m\u00e9dicos y personal de salud no nos debe de mover el dinero sino la voluntad de servir, de cuidar o cuando menos apapachar a aquel ser humano que lo necesite, yo invito a todos los m\u00e9dicos de salud, compa\u00f1eros y compa\u00f1eros de cualquier parte que integra el sistema de salud\u201d. Manifest\u00f3.<\/p>\n<p>Asimismo, reiter\u00f3 el compromiso que tiene el Gobernador del Estado, Lic. Quirino Ordaz Coppel, en mejorar la salud para los sinaloenses, quien le ha apostado a la creaci\u00f3n de nuevos Hospitales Generales, en Culiac\u00e1n, Mazatl\u00e1n as\u00ed como la creaci\u00f3n del nuevo Hospital Pedi\u00e1trico de Sinaloa y el Centro de Salud Urbano en el municipio, entre otras obras para mejorar la infraestructura hospitalaria del Estado.<\/p>\n<p>Cabe se\u00f1alar que dentro de los festejos del Aniversario del Hospital General de Culiac\u00e1n, se realiz\u00f3 un Congreso de Enfermedad Vascular Cerebral, dirigido a personal m\u00e9dico y de enfermer\u00eda de la Secretar\u00eda de Salud.<\/p>\n<p>En el evento tambi\u00e9n estuvieron presentes el Dr. Ar\u00f3n L\u00f3pez Monje, Director del HGC; Dra. Martha Alicia L\u00f3pez, Coordinadora Municipal de Salud; Dra. Mireya Rodr\u00edguez de Encinas, Pta. Del Voluntariado de la Secretar\u00eda de Salud; Dra. Emma Gabriela, Jefa de Investigaci\u00f3n y la Dra. Rosa Amelia Avenda\u00f1o Castro, Subdirectora de Ense\u00f1anza, entre otros invitados especiales.<\/p>\n<p>&nbsp;<\/p>\n<p>&nbsp;<\/p>\n<p>&nbsp;<\/p>\n<p>&nbsp;<\/p>\n<p>Fuente: Departamento de Comunicaci\u00f3n Social a Mayo del 2019<br \/>\nElabor\u00f3: Departamento de Comunicaci\u00f3n Social \u2013 SECRETAR\u00cdA DE SALUD DEL ESTADO DE SINALOA.<\/p>\n","protected":false},"excerpt":{"rendered":"<p>Descargar A SERVIR CON ENFOQUE HUMANISTA Y CALIDEZ DEBE SER NUESTRO D\u00cdA A D\u00cdA: DR. EFREN ENCINAS TORRES *Celebran Hospital General de Culiac\u00e1n Aniversario 29 y reconocen al Especialista en Neurolog\u00eda Dr. Fernando Guzm\u00e1n Reyes por su trayectoria, humanismo y dedicaci\u00f3n Culiac\u00e1n, Sinaloa, 30 de mayo del 2019; El personal que integra el sistema de [&hellip;]<\/p>\n","protected":false},"author":1,"featured_media":7381,"comment_status":"closed","ping_status":"open","sticky":false,"template":"","format":"standard","meta":{"footnotes":""},"categories":[4,3],"tags":[],"class_list":["post-7380","post","type-post","status-publish","format-standard","has-post-thumbnail","hentry","category-boletines-prensa","category-prensa"],"_links":{"self":[{"href":"https:\/\/saludsinaloa.gob.mx\/index.php\/wp-json\/wp\/v2\/posts\/7380","targetHints":{"allow":["GET"]}}],"collection":[{"href":"https:\/\/saludsinaloa.gob.mx\/index.php\/wp-json\/wp\/v2\/posts"}],"about":[{"href":"https:\/\/saludsinaloa.gob.mx\/index.php\/wp-json\/wp\/v2\/types\/post"}],"author":[{"embeddable":true,"href":"https:\/\/saludsinaloa.gob.mx\/index.php\/wp-json\/wp\/v2\/users\/1"}],"replies":[{"embeddable":true,"href":"https:\/\/saludsinaloa.gob.mx\/index.php\/wp-json\/wp\/v2\/comments?post=7380"}],"version-history":[{"count":1,"href":"https:\/\/saludsinaloa.gob.mx\/index.php\/wp-json\/wp\/v2\/posts\/7380\/revisions"}],"predecessor-version":[{"id":7382,"href":"https:\/\/saludsinaloa.gob.mx\/index.php\/wp-json\/wp\/v2\/posts\/7380\/revisions\/7382"}],"wp:featuredmedia":[{"embeddable":true,"href":"https:\/\/saludsinaloa.gob.mx\/index.php\/wp-json\/wp\/v2\/media\/7381"}],"wp:attachment":[{"href":"https:\/\/saludsinaloa.gob.mx\/index.php\/wp-json\/wp\/v2\/media?parent=7380"}],"wp:term":[{"taxonomy":"category","embeddable":true,"href":"https:\/\/saludsinaloa.gob.mx\/index.php\/wp-json\/wp\/v2\/categories?post=7380"},{"taxonomy":"post_tag","embeddable":true,"href":"https:\/\/saludsinaloa.gob.mx\/index.php\/wp-json\/wp\/v2\/tags?post=7380"}],"curies":[{"name":"wp","href":"https:\/\/api.w.org\/{rel}","templated":true}]}}