{"id":7266,"date":"2019-05-20T17:22:34","date_gmt":"2019-05-20T17:22:34","guid":{"rendered":"http:\/\/saludsinaloa.gob.mx\/?p=7266"},"modified":"2019-05-21T17:29:45","modified_gmt":"2019-05-21T17:29:45","slug":"inicia-segunda-semana-nacional-de-salud-en-sinaloa-20-de-mayo-del-2019","status":"publish","type":"post","link":"https:\/\/saludsinaloa.gob.mx\/index.php\/2019\/05\/20\/inicia-segunda-semana-nacional-de-salud-en-sinaloa-20-de-mayo-del-2019\/","title":{"rendered":"INICIA SEGUNDA SEMANA NACIONAL DE SALUD EN SINALOA. 20 de mayo del 2019"},"content":{"rendered":"<p><a href=\"http:\/\/saludsinaloa.gob.mx\/wp-content\/uploads\/2017\/boletines\/20-05-2019 INICIA SEGUNDA SEMANA NACIONAL DE SALUD0.pdf\">Descargar<\/a><\/p>\n<p><strong>INICIA SEGUNDA SEMANA NACIONAL DE SALUD EN SINALOA<\/strong><\/p>\n<p><em>*Se tiene una meta estatal de alrededor de 200 mil dosis en conjunto con el IMSS e ISSSTE<\/em><\/p>\n<p><strong>Culiac\u00e1n, Sinaloa, 20 de mayo del 2019<\/strong>; Bajo el lema \u201cPor el Bienestar de tu Familia en M\u00e9xico, Vac\u00fanalos\u201d, autoridades inauguraron la Segunda Semana Nacional de Salud, en la conocida Escuela Primaria Ruperto L. Paliza del Municipio de Culiac\u00e1n,\u00a0llev\u00e1ndose\u00a0acabo en nuestro estado del 20 de mayo al 7 de Junio, para reforzar las acciones de Salud a lo largo y ancho de todo el Estado, inform\u00f3 el Dr. Efr\u00e9n Encinas Torres, Secretario de Salud en Sinaloa.<\/p>\n<p>Detall\u00f3 que durante esta Segunda Semana la acci\u00f3n principal consiste en la aplicaci\u00f3n de la segunda dosis de vacuna contra el Virus del Papiloma Humano (VPH) para adolescentes de 5\u00b0 grado de primaria y de 11 a\u00f1os de edad no escolarizadas. Asimismo enfatiz\u00f3 que se reforzar\u00e1n esquemas b\u00e1sicos con vacunas BCG, pentavalente acelular, anti hepatitis B, triple viral (SRP), anti rotavirus, anti neumoc\u00f3cica conjugada, entre otras.<\/p>\n<p>\u201cM\u00e9xico es visto por el mundo como uno de los pa\u00edses que representa un modelo de enfermedades prevenibles por vacunaci\u00f3n y as\u00ed se han erradicado parte de ellas como es la poliomielitis y el sarampi\u00f3n que en M\u00e9xico no tenemos casos aut\u00f3ctonos desde hace 20 a\u00f1os, y as\u00ed podemos de hablar de estas enfermedades que son prevenibles por estas campa\u00f1as de vacunaci\u00f3n, que son tres en el a\u00f1o\u201d, manifest\u00f3.<\/p>\n<p>Detall\u00f3 que se contar\u00e1n con alrededor de 35 mil dosis de VPH para prevenir c\u00e1ncer cervicouterino en ni\u00f1as, adem\u00e1s de 20 mil dosis de t\u00e9tanos para mujeres embarazadas y alrededor de 25 mil dosis para completar esquemas en menores, por lo que se contempla llegar a una meta Estatal de casi 200 mil dosis de vacuna en esta campa\u00f1a en conjunto con el IMSS e ISSSTE.<\/p>\n<p>Adem\u00e1s de las acciones de vacunaci\u00f3n se distribuir\u00e1n sueros de \u201cVida Suero Oral\u201d, dosis de vitamina A y albendazol, as\u00ed como informaci\u00f3n sobre la prevenci\u00f3n de las enfermedades diarreicas e infecciones respiratorias agudas, su manejo en el hogar y la identificaci\u00f3n de los signos de alarma.<\/p>\n<p>Record\u00f3 que las Semanas Nacionales de Salud, tienen como objetivo general, romper en corto tiempo la cadena de trasmisi\u00f3n de algunos padecimientos o, en su caso, mantener eliminada su trasmisi\u00f3n aut\u00f3ctona, a trav\u00e9s de acciones simultanease integrales para prevenir enfermedades evitables por vacunaci\u00f3n, diarreicas e infecciones respiratorias agudas, as\u00ed como contribuir a la reducci\u00f3n de deficiencias en la nutrici\u00f3n.<\/p>\n<p>En el evento inaugural tambi\u00e9n se cont\u00f3 con la presencia del Lic. Jes\u00fas Estrada Ferreiro, Presidente Municipal de Culiac\u00e1n; la Lic. Liliana C\u00e1rdenas, Subsecretaria de Vinculaci\u00f3n Social, en Representaci\u00f3n del Dr. Juan Alfonso Mej\u00eda, Secretario de Educaci\u00f3n; Dr. V\u00edctor Hugo S\u00e1nchez Malof, Subsecretario de Atenci\u00f3n M\u00e9dica; Sra. Mar\u00eda Guadalupe de Estrada, Presidenta del Sistema DIF Municipal; Dr. Marcial Silva G\u00f3mez, Delegado Estatal del ISSSTE; Lic. Samuel Liz\u00e1rraga Camacho, Delegado Estatal del IMSS; General de Brigada D.E.M. Maximiliano Cruz Ramos, Comandante de la 9\u00b0 Zona Militar; Lic. Rosa Elena Mill\u00e1n Bueno, Directora del Seguro Popular y la Profra. Mar\u00eda Patricia Cobi\u00e1n Murillo, Directora de la Escuela Primaria Dr. Ruperto L. Paliza<\/p>\n<p>&nbsp;<\/p>\n<p>&nbsp;<\/p>\n<p>&nbsp;<\/p>\n<p>Fuente: Departamento de Comunicaci\u00f3n Social a Mayo del 2019<br \/>\nElabor\u00f3: Departamento de Comunicaci\u00f3n Social \u2013 SECRETAR\u00cdA DE SALUD DEL ESTADO DE SINALOA.<\/p>\n","protected":false},"excerpt":{"rendered":"<p>Descargar INICIA SEGUNDA SEMANA NACIONAL DE SALUD EN SINALOA *Se tiene una meta estatal de alrededor de 200 mil dosis en conjunto con el IMSS e ISSSTE Culiac\u00e1n, Sinaloa, 20 de mayo del 2019; Bajo el lema \u201cPor el Bienestar de tu Familia en M\u00e9xico, Vac\u00fanalos\u201d, autoridades inauguraron la Segunda Semana Nacional de Salud, en [&hellip;]<\/p>\n","protected":false},"author":1,"featured_media":7267,"comment_status":"closed","ping_status":"open","sticky":false,"template":"","format":"standard","meta":{"footnotes":""},"categories":[4,3],"tags":[],"class_list":["post-7266","post","type-post","status-publish","format-standard","has-post-thumbnail","hentry","category-boletines-prensa","category-prensa"],"_links":{"self":[{"href":"https:\/\/saludsinaloa.gob.mx\/index.php\/wp-json\/wp\/v2\/posts\/7266","targetHints":{"allow":["GET"]}}],"collection":[{"href":"https:\/\/saludsinaloa.gob.mx\/index.php\/wp-json\/wp\/v2\/posts"}],"about":[{"href":"https:\/\/saludsinaloa.gob.mx\/index.php\/wp-json\/wp\/v2\/types\/post"}],"author":[{"embeddable":true,"href":"https:\/\/saludsinaloa.gob.mx\/index.php\/wp-json\/wp\/v2\/users\/1"}],"replies":[{"embeddable":true,"href":"https:\/\/saludsinaloa.gob.mx\/index.php\/wp-json\/wp\/v2\/comments?post=7266"}],"version-history":[{"count":3,"href":"https:\/\/saludsinaloa.gob.mx\/index.php\/wp-json\/wp\/v2\/posts\/7266\/revisions"}],"predecessor-version":[{"id":7270,"href":"https:\/\/saludsinaloa.gob.mx\/index.php\/wp-json\/wp\/v2\/posts\/7266\/revisions\/7270"}],"wp:featuredmedia":[{"embeddable":true,"href":"https:\/\/saludsinaloa.gob.mx\/index.php\/wp-json\/wp\/v2\/media\/7267"}],"wp:attachment":[{"href":"https:\/\/saludsinaloa.gob.mx\/index.php\/wp-json\/wp\/v2\/media?parent=7266"}],"wp:term":[{"taxonomy":"category","embeddable":true,"href":"https:\/\/saludsinaloa.gob.mx\/index.php\/wp-json\/wp\/v2\/categories?post=7266"},{"taxonomy":"post_tag","embeddable":true,"href":"https:\/\/saludsinaloa.gob.mx\/index.php\/wp-json\/wp\/v2\/tags?post=7266"}],"curies":[{"name":"wp","href":"https:\/\/api.w.org\/{rel}","templated":true}]}}