{"id":7236,"date":"2019-05-16T06:01:49","date_gmt":"2019-05-16T06:01:49","guid":{"rendered":"http:\/\/saludsinaloa.gob.mx\/?p=7236"},"modified":"2019-05-17T17:07:36","modified_gmt":"2019-05-17T17:07:36","slug":"7236","status":"publish","type":"post","link":"https:\/\/saludsinaloa.gob.mx\/index.php\/2019\/05\/16\/7236\/","title":{"rendered":"LA ENFERMER\u00cdA ES LA MAYOR PROFESI\u00d3N DE LA SALUD EN EL MUNDO. 16 de mayo del 2019"},"content":{"rendered":"<p><a href=\"http:\/\/saludsinaloa.gob.mx\/wp-content\/uploads\/2017\/boletines\/16-05-2019 LA ENFERMERIA ES LA MAYOR PROFESION DE LA SALUD EN EL MUNDO.pdf\">Descargar<\/a><\/p>\n<p><strong>LA ENFERMER\u00cdA ES LA MAYOR PROFESI\u00d3N DE LA SALUD EN EL MUNDO: Elizabeth Rosas Miranda<\/strong><\/p>\n<p><strong>\u00a0<\/strong><strong>Culiac\u00e1n, Sinaloa a 16 de mayo de 2019.-\u00a0<\/strong>\u201cLa enfermer\u00eda es la mayor profesi\u00f3n de la salud en el mundo y se requiere su trabajo en todas las \u00e1reas de atenci\u00f3n sanitaria para que la atenci\u00f3n m\u00e9dica sea eficiente y de calidad\u201d, asegur\u00f3 la Coordinadora Estatal de Enfermer\u00eda de la Secretar\u00eda de Salud en Sinaloa, Mtra. Mirna Elizabeth Rosas Miranda, al impartir una conferencia en el auditorio del Hospital General de Culiac\u00e1n con motivo de las actividades programadas por el D\u00eda Internacional de la Enfermer\u00eda.<\/p>\n<p>Destac\u00f3 en la exposici\u00f3n que el cuidado de las enfermeras a los pacientes es un papel vital en el proceso de los servicios de salud a la poblaci\u00f3n que as\u00ed lo necesita. \u201cEste a\u00f1o 2019 se destaca que la enfermer\u00eda es una voz para liderar la salud para todos&#8221;, dijo.<\/p>\n<p>Al inicio del acto acad\u00e9mico, el subdirector m\u00e9dico Dr. Jos\u00e9 Alfredo Avil\u00e9s L\u00f3pez, en representaci\u00f3n del director del Hospital General de Culiac\u00e1n Dr. Aar\u00f3n L\u00f3pez Monge, expres\u00f3 su apoyo al personal de enfermer\u00eda subrayando: \u201cLas enfermeras son la espina dorsal de este hospital y son vitales para que se cumplan los criterios m\u00e9dicos y garantizan, con su labor, la recuperaci\u00f3n del paciente\u201d.<\/p>\n<p>\u201cEl esfuerzo y dedicaci\u00f3n de las enfermeras son clave en el \u00e1rea de la salud\u201d \u2013coment\u00f3-. \u201cSu humanidad, capacidad, conocimiento y esfuerzo en su esmerada atenci\u00f3n con los pacientes es importante porque de nada servir\u00edan las indicaciones m\u00e9dicas si no existieran las enfermeras con una actitud de entrega, compromiso, actitud y visi\u00f3n\u201d.<\/p>\n<p>La Lic. Beatriz Adriana Sosa Montoya, Jefa de Enfermer\u00eda de este hospital, explic\u00f3 que en todo el mundo se conmemora el D\u00eda de la Enfermer\u00eda en el natalicio de la enfermera del ej\u00e9rcito ingl\u00e9s Florence Nightingale quien naci\u00f3 el 12 de mayo de 1820. \u201cLa vocaci\u00f3n de la enfermera es cuidar al ser humano\u201d, dijo.<\/p>\n<p>Subray\u00f3 el orgullo y el privilegio de ser enfermera o enfermero, de la solidaridad y la nobleza obligada en una profesi\u00f3n que requiere de una verdadera vocaci\u00f3n para trabajar en un hospital o en una cl\u00ednica, en cualquier consultorio o para seguir el camino de la educaci\u00f3n o la investigaci\u00f3n.<\/p>\n<p>En el evento tambi\u00e9n estuvo presente la doctora en desarrollo humano Servanda Zazueta Zazueta quien fue la primera enfermera con nivel de licenciatura en llegar al Hospital General de Culiac\u00e1n.<\/p>\n<p>Finalmente, se recordaron las palabras de Florence Nightingale sobre esta profesi\u00f3n: \u201cLa enfermer\u00eda es un arte, y si se pretende que sea un arte, requiere una devoci\u00f3n tan exclusiva, una preparaci\u00f3n tan dura, como el trabajo de un pintor o de un escultor; pero, \u00bfc\u00f3mo puede compararse la tela muerta o el fr\u00edo m\u00e1rmol con tener que trabajar con el cuerpo vivo, el templo del esp\u00edritu de Dios? Es una de las Bellas Artes; casi, dir\u00eda, la m\u00e1s bella de las Bellas Artes.\u201d<\/p>\n<p>&nbsp;<\/p>\n<p>&nbsp;<\/p>\n<p>&nbsp;<\/p>\n<p>&nbsp;<\/p>\n<p>Fuente: Departamento de Comunicaci\u00f3n Social a Mayo del 2019<br \/>\nElabor\u00f3: Departamento de Comunicaci\u00f3n Social \u2013 SECRETAR\u00cdA DE SALUD DEL ESTADO DE SINALOA.<\/p>\n","protected":false},"excerpt":{"rendered":"<p>Descargar LA ENFERMER\u00cdA ES LA MAYOR PROFESI\u00d3N DE LA SALUD EN EL MUNDO: Elizabeth Rosas Miranda \u00a0Culiac\u00e1n, Sinaloa a 16 de mayo de 2019.-\u00a0\u201cLa enfermer\u00eda es la mayor profesi\u00f3n de la salud en el mundo y se requiere su trabajo en todas las \u00e1reas de atenci\u00f3n sanitaria para que la atenci\u00f3n m\u00e9dica sea eficiente y [&hellip;]<\/p>\n","protected":false},"author":1,"featured_media":7237,"comment_status":"closed","ping_status":"open","sticky":false,"template":"","format":"standard","meta":{"footnotes":""},"categories":[4,3],"tags":[],"class_list":["post-7236","post","type-post","status-publish","format-standard","has-post-thumbnail","hentry","category-boletines-prensa","category-prensa"],"_links":{"self":[{"href":"https:\/\/saludsinaloa.gob.mx\/index.php\/wp-json\/wp\/v2\/posts\/7236","targetHints":{"allow":["GET"]}}],"collection":[{"href":"https:\/\/saludsinaloa.gob.mx\/index.php\/wp-json\/wp\/v2\/posts"}],"about":[{"href":"https:\/\/saludsinaloa.gob.mx\/index.php\/wp-json\/wp\/v2\/types\/post"}],"author":[{"embeddable":true,"href":"https:\/\/saludsinaloa.gob.mx\/index.php\/wp-json\/wp\/v2\/users\/1"}],"replies":[{"embeddable":true,"href":"https:\/\/saludsinaloa.gob.mx\/index.php\/wp-json\/wp\/v2\/comments?post=7236"}],"version-history":[{"count":2,"href":"https:\/\/saludsinaloa.gob.mx\/index.php\/wp-json\/wp\/v2\/posts\/7236\/revisions"}],"predecessor-version":[{"id":7239,"href":"https:\/\/saludsinaloa.gob.mx\/index.php\/wp-json\/wp\/v2\/posts\/7236\/revisions\/7239"}],"wp:featuredmedia":[{"embeddable":true,"href":"https:\/\/saludsinaloa.gob.mx\/index.php\/wp-json\/wp\/v2\/media\/7237"}],"wp:attachment":[{"href":"https:\/\/saludsinaloa.gob.mx\/index.php\/wp-json\/wp\/v2\/media?parent=7236"}],"wp:term":[{"taxonomy":"category","embeddable":true,"href":"https:\/\/saludsinaloa.gob.mx\/index.php\/wp-json\/wp\/v2\/categories?post=7236"},{"taxonomy":"post_tag","embeddable":true,"href":"https:\/\/saludsinaloa.gob.mx\/index.php\/wp-json\/wp\/v2\/tags?post=7236"}],"curies":[{"name":"wp","href":"https:\/\/api.w.org\/{rel}","templated":true}]}}