{"id":7002,"date":"2019-04-09T06:04:44","date_gmt":"2019-04-09T06:04:44","guid":{"rendered":"http:\/\/saludsinaloa.gob.mx\/?p=7002"},"modified":"2019-04-11T18:06:39","modified_gmt":"2019-04-11T18:06:39","slug":"sss-le-apuesta-a-la-lucha-contra-el-dengue-zika-y-chinkungunya-09-de-abril-del-2019","status":"publish","type":"post","link":"https:\/\/saludsinaloa.gob.mx\/index.php\/2019\/04\/09\/sss-le-apuesta-a-la-lucha-contra-el-dengue-zika-y-chinkungunya-09-de-abril-del-2019\/","title":{"rendered":"SSS LE APUESTA A LA LUCHA CONTRA EL DENGUE, ZIKA Y CHINKUNGUNYA. 09 de abril del 2019"},"content":{"rendered":"<p><a href=\"http:\/\/saludsinaloa.gob.mx\/wp-content\/uploads\/2017\/boletines\/08-04-2019 LUCHA CONTRA EL DENGUE, ZIKA Y CHINKUNGUNYA.pdf\" target=\"_blank\" rel=\"noopener\">Descargar<\/a><\/p>\n<p><strong>SSS LE APUESTA A LA LUCHA CONTRA EL DENGUE, ZIKA Y CHINKUNGUNYA<\/strong><\/p>\n<p><em>*En el inicio de la Jornada Nacional contra estas enfermedades eliminar los criaderos debe ser nuestra apuesta para unas #VacacionesSinDengue<\/em><em>.<\/em><\/p>\n<p><em>\u00a0<\/em><strong>Culiac\u00e1n, Sinaloa, 9 de abril de 2019.<\/strong> \u2013 La Jornada Nacional de Lucha Contra el Dengue, Zika y Chinkungunya, a desarrollarse de manera previa a las vacaciones de semana santa, del 8 al 12 de abril del a\u00f1o en curso, es una estrategia que busca alertar a la poblaci\u00f3n sobre los riesgos a la salud por infecci\u00f3n ante la picadura del mosquito transmisor de dichas enfermedades.<\/p>\n<p>La Secretar\u00eda de Salud del Gobierno del Estado de Sinaloa, para la edici\u00f3n 2019 de esta primera jornada, convoca a las instancias gubernamentales, la participaci\u00f3n de los 18 municipios del estado, organizaciones de la Sociedad Civil y la comunidad en general para que se unan a las acciones que coadyuven a la reducci\u00f3n del riesgo de transmisi\u00f3n a trav\u00e9s de las acciones intensivas a implementarse en esta semana.<\/p>\n<p>Al dar inicio a la 1\u00aa Jornada Nacional de la Lucha Contra el Dengue, Zika y \u00a0 Chinkungunya, el Dr. V\u00edctor Hugo S\u00e1nchez Malof, Subsecretario de Atenci\u00f3n M\u00e9dica, hizo un llamado extensivo a las y los sinaloenses para participar en las actividades que se realizar\u00e1n en cada una de las comunidades, adem\u00e1s de reconocer el trabajo que realiza el personal del \u00e1rea de vectores que contribuye a la eliminaci\u00f3n de los criaderos del mosquito.<\/p>\n<p>\u201cMuy agradecido con el personal de vectores y voluntarios que sin ellos ser\u00eda muy dif\u00edcil, las acciones que ellos realizan van a disminuir las enfermedades en todo el estado de Sinaloa; un mosquito infectado en una casa va a enfermar a todos los miembros de la familia y no nada m\u00e1s en esa casa, por eso cuando llega el personal de vectores a nebulizar lo hace en varias manzanas o en todo un sector que es donde el mosquito infectado va a estar volando e infectando y es donde debemos atacar\u201d, expres\u00f3.<\/p>\n<p>La prevenci\u00f3n y control del mosquito transmisor mediante el involucramiento de los sectores p\u00fablico y privado y la poblaci\u00f3n en general es posible por medio de las acciones de educaci\u00f3n para la salud, difusi\u00f3n, participaci\u00f3n social y acciones integrales para el control del vector en los sitios de mayor riesgo por concentraci\u00f3n poblacional y en zonas focalizadas como escuelas, entornos (p\u00fablicos y privados) y \u00e1reas tur\u00edsticas de todo el estado.<\/p>\n<p>De esta manera es muy importante que la poblaci\u00f3n abra las puertas de sus casas a las brigadas del sector salud para ayudarles y que permitan concientizarlos para mantener los patios limpios porque el Aedes aegypti es un mosco inteligente que ha ido adapt\u00e1ndose a condiciones clim\u00e1ticas diferentes y los cuidados deben ser permanentes durante todo el a\u00f1o, as\u00ed lo explic\u00f3 el Dr. Rafael F\u00e9lix Espinoza, Director de Prevenci\u00f3n y Promoci\u00f3n de la Salud.<\/p>\n<p>\u201cEsta primera Jornada anual que se hace en todo el pa\u00eds, pretende reforzar esas medidas de trabajo en conjunto de todas las instituciones del sector; si bien es cierto en la poblaci\u00f3n existe la idea de que fumigar y nebulizar es la \u00fanica tarea que tenemos que hacer, esa es una de tantas, la descacharrizaci\u00f3n quiz\u00e1s sea de las m\u00e1s importantes, quitarle al mosco su medio y su h\u00e1bitat para que no se siga proliferando, eliminar los criaderos debe ser nuestra apuesta para que tengamos una mejor participaci\u00f3n del punto de vista del impacto que podemos generar\u201d, expres\u00f3.<\/p>\n<p>A trav\u00e9s de los Comit\u00e9s Estatales Interinstitucionales de Lucha Contra el Dengue, se articula la colaboraci\u00f3n de los participantes, entre los que se encuentran: los responsables estatales y jurisdiccionales de vectores, promoci\u00f3n de la salud, salud materna, PASIA (GAPS), comunicaci\u00f3n social, hospitales p\u00fablicos; adem\u00e1s de las Delegaciones del IMSS, ISSSTE, Secretar\u00eda de la Defensa Nacional y Secretar\u00eda de Marina.<\/p>\n<p>El universo de trabajo ser\u00e1n las 6 localidades prioritarias (Los Mochis, Guasave, Guam\u00fachil, Culiac\u00e1n, Mazatl\u00e1n y Escuinapa) del Estado. Adem\u00e1s de 25 unidades m\u00e9dicas de 1er Nivel de Atenci\u00f3n, 16 Unidades M\u00e9dicas de 2\u00b0 Nivel de Atenci\u00f3n, sitios de mayor riesgo por concentraci\u00f3n poblacional, planteles educativos del nivel preescolar, b\u00e1sico, nivel medio superior y superior, as\u00ed como 5 Jurisdicciones Sanitarias donde se concentran las 6 localidades prioritarias.<\/p>\n<p>En el evento de inicio de la Jornada Nacional de Lucha Contra el Dengue, Zika y Chinkungunya, con la representaci\u00f3n del alcalde de Culiac\u00e1n Lic. Jes\u00fas Estrada Ferreiro, estuvo presente la Sra. Lupita L\u00f3pez de Estrada, Presidenta del Sistema DIF Municipal; la Dra. Martha Alicia Torres Reyes, Coordinadora General de Salud en Culiac\u00e1n, entre otras personalidades estatales y municipales.<\/p>\n<p>&nbsp;<\/p>\n<p>&nbsp;<\/p>\n<p>&nbsp;<\/p>\n<p>Fuente: Departamento de Comunicaci\u00f3n Social a Abril del 2019<br \/>\nElabor\u00f3: Departamento de Comunicaci\u00f3n Social \u2013 SECRETAR\u00cdA DE SALUD DEL ESTADO DE SINALOA.<\/p>\n","protected":false},"excerpt":{"rendered":"<p>Descargar SSS LE APUESTA A LA LUCHA CONTRA EL DENGUE, ZIKA Y CHINKUNGUNYA *En el inicio de la Jornada Nacional contra estas enfermedades eliminar los criaderos debe ser nuestra apuesta para unas #VacacionesSinDengue. \u00a0Culiac\u00e1n, Sinaloa, 9 de abril de 2019. \u2013 La Jornada Nacional de Lucha Contra el Dengue, Zika y Chinkungunya, a desarrollarse de [&hellip;]<\/p>\n","protected":false},"author":1,"featured_media":7003,"comment_status":"closed","ping_status":"open","sticky":false,"template":"","format":"standard","meta":{"footnotes":""},"categories":[4,3],"tags":[],"class_list":["post-7002","post","type-post","status-publish","format-standard","has-post-thumbnail","hentry","category-boletines-prensa","category-prensa"],"_links":{"self":[{"href":"https:\/\/saludsinaloa.gob.mx\/index.php\/wp-json\/wp\/v2\/posts\/7002","targetHints":{"allow":["GET"]}}],"collection":[{"href":"https:\/\/saludsinaloa.gob.mx\/index.php\/wp-json\/wp\/v2\/posts"}],"about":[{"href":"https:\/\/saludsinaloa.gob.mx\/index.php\/wp-json\/wp\/v2\/types\/post"}],"author":[{"embeddable":true,"href":"https:\/\/saludsinaloa.gob.mx\/index.php\/wp-json\/wp\/v2\/users\/1"}],"replies":[{"embeddable":true,"href":"https:\/\/saludsinaloa.gob.mx\/index.php\/wp-json\/wp\/v2\/comments?post=7002"}],"version-history":[{"count":3,"href":"https:\/\/saludsinaloa.gob.mx\/index.php\/wp-json\/wp\/v2\/posts\/7002\/revisions"}],"predecessor-version":[{"id":7006,"href":"https:\/\/saludsinaloa.gob.mx\/index.php\/wp-json\/wp\/v2\/posts\/7002\/revisions\/7006"}],"wp:featuredmedia":[{"embeddable":true,"href":"https:\/\/saludsinaloa.gob.mx\/index.php\/wp-json\/wp\/v2\/media\/7003"}],"wp:attachment":[{"href":"https:\/\/saludsinaloa.gob.mx\/index.php\/wp-json\/wp\/v2\/media?parent=7002"}],"wp:term":[{"taxonomy":"category","embeddable":true,"href":"https:\/\/saludsinaloa.gob.mx\/index.php\/wp-json\/wp\/v2\/categories?post=7002"},{"taxonomy":"post_tag","embeddable":true,"href":"https:\/\/saludsinaloa.gob.mx\/index.php\/wp-json\/wp\/v2\/tags?post=7002"}],"curies":[{"name":"wp","href":"https:\/\/api.w.org\/{rel}","templated":true}]}}