{"id":6928,"date":"2019-03-27T06:15:49","date_gmt":"2019-03-27T06:15:49","guid":{"rendered":"http:\/\/saludsinaloa.gob.mx\/?p=6928"},"modified":"2019-03-28T17:38:44","modified_gmt":"2019-03-28T17:38:44","slug":"secretaria-de-salud-avanza-hacia-la-eliminacion-de-la-tuberculosis-27-de-marzo-del-2019","status":"publish","type":"post","link":"https:\/\/saludsinaloa.gob.mx\/index.php\/2019\/03\/27\/secretaria-de-salud-avanza-hacia-la-eliminacion-de-la-tuberculosis-27-de-marzo-del-2019\/","title":{"rendered":"SECRETAR\u00cdA DE SALUD AVANZA HACIA LA ELIMINACI\u00d3N DE LA TUBERCULOSIS. 27 de marzo del 2019"},"content":{"rendered":"<p><a href=\"http:\/\/saludsinaloa.gob.mx\/wp-content\/uploads\/2017\/boletines\/27-03-2019 SS AVANZA HACIA LA ELIMINACION DE LA TUBERCULOSIS .pdf\" target=\"_blank\" rel=\"noopener\">Descargar<\/a><\/p>\n<p><strong>SECRETAR\u00cdA DE SALUD AVANZA HACIA LA ELIMINACI\u00d3N DE LA TUBERCULOSIS<\/strong><\/p>\n<p><em>*Durante este mes la Secretar\u00eda de Salud reforzar\u00e1 las acciones de prevenci\u00f3n y control de tuberculosis en puntos estrat\u00e9gicos como; penales, centros de rehabilitaci\u00f3n y centros de salud, con pesquisas para diagn\u00f3stico oportuno.<\/em><\/p>\n<p><strong>Culiac\u00e1n, Sinaloa, 27 de marzo del 2019<\/strong>.- En el marco del d\u00eda Mundial de la Lucha Contra la Tuberculosis celebrado cada 24 de marzo, bajo el lema; \u201cAvancemos hacia la Eliminaci\u00f3n de la Tuberculosis\u201d, la Secretar\u00eda de Salud conmemor\u00f3 este d\u00eda con jornadas acad\u00e9micas y capacitaci\u00f3n para que agentes de salud detecten posibles casos en pacientes que acuden a la atenci\u00f3n de primer nivel y as\u00ed comiencen un tratamiento adecuado.<\/p>\n<p>El Dr. V\u00edctor Hugo S\u00e1nchez Malof, Subsecretario de Atenci\u00f3n M\u00e9dica, inform\u00f3 que el objetivo es reforzar la prevenci\u00f3n y control de este padecimiento, asimismo incrementar la concientizaci\u00f3n en la poblaci\u00f3n en general sobre las consecuencias sociales de la tuberculosis.<\/p>\n<p>\u201cSe han hecho marchas, eventos en todos los municipios a trav\u00e9s de las jurisdicciones para promocionar y dar a conocer a la ciudadan\u00eda la importancia de conocer la enfermedad, es una de las enfermedades que realmente tambi\u00e9n pienso yo, no deber\u00edan de estar apareciendo\u201d, coment\u00f3.<\/p>\n<p>Por su parte, la Dra. F\u00e1tima Leticia Luna L\u00f3pez, Directora Nacional del Programa de Micobacteriosis, calific\u00f3 como atinado que el Estado de Sinaloa, conmemore con capacitaci\u00f3n y jornadas acad\u00e9micas el D\u00eda Mundial de la Lucha Contra la Tuberculosis, pues precis\u00f3 que este padecimiento es una enfermedad tratable y curable.<\/p>\n<p>\u201cEl d\u00eda Mundial de la Tuberculosis, la celebraci\u00f3n es participe de todo esto, el empoderar, el informar a la poblaci\u00f3n y a todas las personas que sigue existiendo la tuberculosis, efectivamente es una bacteria que ya tiene un buen rato con nosotros, de hecho antecedentes hist\u00f3ricos marca que algunos f\u00f3siles de algunos bisontes se encontraba ADN de tuberculosis, en momias egipcias y peruanas tambi\u00e9n se ha encontrado esta micro bacteria\u201d, detall\u00f3.<\/p>\n<p>En tanto, el Dr. Rafael F\u00e9lix Espinoza, Director de Prevenci\u00f3n y Promoci\u00f3n de la Salud, explic\u00f3 que la tuberculosis es una enfermedad infecciosa que afecta a cualquier parte del organismo, en especial los pulmones, inform\u00f3 que las enfermedades que m\u00e1s se asocian a la tuberculosis en M\u00e9xico son la diabetes mellitus, la desnutrici\u00f3n y el VIH SIDA.<\/p>\n<p>Agreg\u00f3 que como parte de las estrategias de salud, se cuenta con brigadas de salud las cuales dan seguimiento a los pacientes y supervisan estrictamente su tratamiento, mismo que es gratuito y consiste en la administraci\u00f3n de antibi\u00f3tico por seis meses.<\/p>\n<p>\u201cHoy en d\u00eda la tuberculosis sigue siendo un problema de salud p\u00fablica y un problema social, derivado a que se requiere trabajar todos conjuntamente, para detectar a tiempo y romper la cadena de trasmisi\u00f3n es fundamental en ello que sepamos que esta es una enfermedad reemergente y que con la pandemia del VIH SIDA aun los pa\u00edses desarrollados tienen problemas con la tuberculosis\u201d, indic\u00f3.<\/p>\n<p>Cabe se\u00f1alar que en lo que va del 2019 en Sinaloa se han encontrado 382 personas afectadas con tuberculosis, de las cuales 364 son tuberculosis pulmonar. Asimismo como parte de las estrategias de salud, durante este mes\u00a0se trabaja arduamente en penales, centros de rehabilitaci\u00f3n y centros de salud con pesquisas para diagn\u00f3stico oportuno. Actualmente se tienen 12 pacientes en penales que se encuentran en tratamiento 9 en Culiac\u00e1n 1 en Mazatl\u00e1n.<\/p>\n<p>En el evento tambi\u00e9n estuvieron presentes, el Dr. Marcial Silva G\u00f3mez, Delegado del ISSSTE; Dra. Martha Reyes Torres, Coordinadora de Salud Municipal; Lic. An\u00edbal Fernando L\u00f3pez, Director de Rehabilitaci\u00f3n del DIF; Dra. Patricia de Lourdes Retamoza, Directora de la Escuela de Enfermer\u00eda de la UAS, entre otros invitados especiales.<\/p>\n<p>&nbsp;<\/p>\n<p>&nbsp;<\/p>\n<p>&nbsp;<\/p>\n<p>&nbsp;<\/p>\n<p>Fuente: Departamento de Comunicaci\u00f3n Social a Marzo del 2019<br \/>\nElabor\u00f3: Departamento de Comunicaci\u00f3n Social \u2013 SECRETAR\u00cdA DE SALUD DEL ESTADO DE SINALOA.<\/p>\n","protected":false},"excerpt":{"rendered":"<p>Descargar SECRETAR\u00cdA DE SALUD AVANZA HACIA LA ELIMINACI\u00d3N DE LA TUBERCULOSIS *Durante este mes la Secretar\u00eda de Salud reforzar\u00e1 las acciones de prevenci\u00f3n y control de tuberculosis en puntos estrat\u00e9gicos como; penales, centros de rehabilitaci\u00f3n y centros de salud, con pesquisas para diagn\u00f3stico oportuno. Culiac\u00e1n, Sinaloa, 27 de marzo del 2019.- En el marco del [&hellip;]<\/p>\n","protected":false},"author":1,"featured_media":6929,"comment_status":"closed","ping_status":"open","sticky":false,"template":"","format":"standard","meta":{"footnotes":""},"categories":[4,3],"tags":[],"class_list":["post-6928","post","type-post","status-publish","format-standard","has-post-thumbnail","hentry","category-boletines-prensa","category-prensa"],"_links":{"self":[{"href":"https:\/\/saludsinaloa.gob.mx\/index.php\/wp-json\/wp\/v2\/posts\/6928","targetHints":{"allow":["GET"]}}],"collection":[{"href":"https:\/\/saludsinaloa.gob.mx\/index.php\/wp-json\/wp\/v2\/posts"}],"about":[{"href":"https:\/\/saludsinaloa.gob.mx\/index.php\/wp-json\/wp\/v2\/types\/post"}],"author":[{"embeddable":true,"href":"https:\/\/saludsinaloa.gob.mx\/index.php\/wp-json\/wp\/v2\/users\/1"}],"replies":[{"embeddable":true,"href":"https:\/\/saludsinaloa.gob.mx\/index.php\/wp-json\/wp\/v2\/comments?post=6928"}],"version-history":[{"count":1,"href":"https:\/\/saludsinaloa.gob.mx\/index.php\/wp-json\/wp\/v2\/posts\/6928\/revisions"}],"predecessor-version":[{"id":6930,"href":"https:\/\/saludsinaloa.gob.mx\/index.php\/wp-json\/wp\/v2\/posts\/6928\/revisions\/6930"}],"wp:featuredmedia":[{"embeddable":true,"href":"https:\/\/saludsinaloa.gob.mx\/index.php\/wp-json\/wp\/v2\/media\/6929"}],"wp:attachment":[{"href":"https:\/\/saludsinaloa.gob.mx\/index.php\/wp-json\/wp\/v2\/media?parent=6928"}],"wp:term":[{"taxonomy":"category","embeddable":true,"href":"https:\/\/saludsinaloa.gob.mx\/index.php\/wp-json\/wp\/v2\/categories?post=6928"},{"taxonomy":"post_tag","embeddable":true,"href":"https:\/\/saludsinaloa.gob.mx\/index.php\/wp-json\/wp\/v2\/tags?post=6928"}],"curies":[{"name":"wp","href":"https:\/\/api.w.org\/{rel}","templated":true}]}}