{"id":6733,"date":"2019-03-08T06:15:19","date_gmt":"2019-03-08T06:15:19","guid":{"rendered":"http:\/\/saludsinaloa.gob.mx\/?p=6733"},"modified":"2019-03-11T18:04:02","modified_gmt":"2019-03-11T18:04:02","slug":"como-mujeres-no-tenemos-limitantes-en-el-area-de-la-salud-08-de-marzo-del-2019","status":"publish","type":"post","link":"https:\/\/saludsinaloa.gob.mx\/index.php\/2019\/03\/08\/como-mujeres-no-tenemos-limitantes-en-el-area-de-la-salud-08-de-marzo-del-2019\/","title":{"rendered":"COMO MUJERES NO TENEMOS LIMITANTES EN EL \u00c1REA DE LA SALUD. 08 de marzo del 2019"},"content":{"rendered":"<p><a href=\"http:\/\/saludsinaloa.gob.mx\/wp-content\/uploads\/2017\/boletines\/08-03-2019 COMO MUJERES NO TENEMOS LIMITANTES.pdf\" target=\"_blank\" rel=\"noopener\">Descargar<\/a><\/p>\n<p><strong>COMO MUJERES NO TENEMOS LIMITANTES EN EL \u00c1REA DE LA SALUD<\/strong><\/p>\n<p><em>*Mujeres profesionistas del Hospital de la Mujer participan en mesa de opini\u00f3n..<\/em><\/p>\n<p><strong>Culiac\u00e1n, Sinaloa, 8 de marzo del 2018<\/strong>; Como parte de\u00a0la Conmemoraci\u00f3n del D\u00eda Internacional de la Mujer, la Secretar\u00eda de Salud del Gobierno del Estado de Sinaloa y el sector salud en general ha trabajado\u00a0en la b\u00fasqueda de que las oportunidades para mujeres y hombres sean equitativas, prueba de ello es que\u00a0las limitantes que en tiempos pasados exist\u00edan hac\u00eda el desempe\u00f1o del trabajo de la mujer se han ido erradicando.<\/p>\n<p>En este marco, el Hospital de la Mujer, a trav\u00e9s de su \u00e1rea de psicolog\u00eda, llev\u00f3 a cabo la Mesa de opini\u00f3n en voces de la Dra. Eva Gloria D\u00edaz Gonz\u00e1lez,\u00a0Lic. Mar\u00eda Eugenia Chavar\u00edn Osuna, Enf. Carlota Rocha S\u00e1nchez y la Dra. Martha Genoveva Aguirre Nieto.<\/p>\n<p>Todas ellas trabajadoras de esta instituci\u00f3n, relataron a trav\u00e9s de sus experiencias personales c\u00f3mo ha sido su preparaci\u00f3n y\u00a0desempe\u00f1o como profesionales en el \u00e1rea de la salud y de qu\u00e9 manera han afrontado los retos que se les han presentado.<\/p>\n<p>El Dr. \u00d3scar Garz\u00f3n L\u00f3pez, Director General del Hospital de la Mujer de Culiac\u00e1n, form\u00f3 parte del p\u00fablico que presenci\u00f3 este panel y\u00a0aprovech\u00f3 la ocasi\u00f3n para externar su admiraci\u00f3n hacia el personal femenino de todas las \u00e1reas que conforman este hospital por su constante\u00a0lucha, tanto en el \u00e1mbito profesional como en el personal, y lograr que en el \u00e1rea de la salud sean m\u00e1s las mujeres que, a trav\u00e9s de su\u00a0trabajo diario, contribuyan al equilibrio de la salud de las y los sinaloenses.<\/p>\n<p>&nbsp;<\/p>\n<p>&nbsp;<\/p>\n<p>&nbsp;<\/p>\n<p>&nbsp;<\/p>\n<p>Fuente: Departamento de Comunicaci\u00f3n Social a Marzo del 2019<br \/>\nElabor\u00f3: Departamento de Comunicaci\u00f3n Social \u2013 SECRETAR\u00cdA DE SALUD DEL ESTADO DE SINALOA.<\/p>\n","protected":false},"excerpt":{"rendered":"<p>Descargar COMO MUJERES NO TENEMOS LIMITANTES EN EL \u00c1REA DE LA SALUD *Mujeres profesionistas del Hospital de la Mujer participan en mesa de opini\u00f3n.. Culiac\u00e1n, Sinaloa, 8 de marzo del 2018; Como parte de\u00a0la Conmemoraci\u00f3n del D\u00eda Internacional de la Mujer, la Secretar\u00eda de Salud del Gobierno del Estado de Sinaloa y el sector salud [&hellip;]<\/p>\n","protected":false},"author":1,"featured_media":6734,"comment_status":"closed","ping_status":"open","sticky":false,"template":"","format":"standard","meta":{"footnotes":""},"categories":[4,3],"tags":[],"class_list":["post-6733","post","type-post","status-publish","format-standard","has-post-thumbnail","hentry","category-boletines-prensa","category-prensa"],"_links":{"self":[{"href":"https:\/\/saludsinaloa.gob.mx\/index.php\/wp-json\/wp\/v2\/posts\/6733","targetHints":{"allow":["GET"]}}],"collection":[{"href":"https:\/\/saludsinaloa.gob.mx\/index.php\/wp-json\/wp\/v2\/posts"}],"about":[{"href":"https:\/\/saludsinaloa.gob.mx\/index.php\/wp-json\/wp\/v2\/types\/post"}],"author":[{"embeddable":true,"href":"https:\/\/saludsinaloa.gob.mx\/index.php\/wp-json\/wp\/v2\/users\/1"}],"replies":[{"embeddable":true,"href":"https:\/\/saludsinaloa.gob.mx\/index.php\/wp-json\/wp\/v2\/comments?post=6733"}],"version-history":[{"count":1,"href":"https:\/\/saludsinaloa.gob.mx\/index.php\/wp-json\/wp\/v2\/posts\/6733\/revisions"}],"predecessor-version":[{"id":6735,"href":"https:\/\/saludsinaloa.gob.mx\/index.php\/wp-json\/wp\/v2\/posts\/6733\/revisions\/6735"}],"wp:featuredmedia":[{"embeddable":true,"href":"https:\/\/saludsinaloa.gob.mx\/index.php\/wp-json\/wp\/v2\/media\/6734"}],"wp:attachment":[{"href":"https:\/\/saludsinaloa.gob.mx\/index.php\/wp-json\/wp\/v2\/media?parent=6733"}],"wp:term":[{"taxonomy":"category","embeddable":true,"href":"https:\/\/saludsinaloa.gob.mx\/index.php\/wp-json\/wp\/v2\/categories?post=6733"},{"taxonomy":"post_tag","embeddable":true,"href":"https:\/\/saludsinaloa.gob.mx\/index.php\/wp-json\/wp\/v2\/tags?post=6733"}],"curies":[{"name":"wp","href":"https:\/\/api.w.org\/{rel}","templated":true}]}}