{"id":6549,"date":"2019-02-20T06:15:00","date_gmt":"2019-02-20T06:15:00","guid":{"rendered":"http:\/\/saludsinaloa.gob.mx\/?p=6549"},"modified":"2019-02-22T17:46:06","modified_gmt":"2019-02-22T17:46:06","slug":"secretaria-de-salud-de-sinaloa-anuncia-su-primera-semana-nacional-de-salud-20-de-febrero-del-2019","status":"publish","type":"post","link":"https:\/\/saludsinaloa.gob.mx\/index.php\/2019\/02\/20\/secretaria-de-salud-de-sinaloa-anuncia-su-primera-semana-nacional-de-salud-20-de-febrero-del-2019\/","title":{"rendered":"SECRETAR\u00cdA DE SALUD DE SINALOA ANUNCIA SU PRIMERA SEMANA NACIONAL DE SALUD. 20 de febrero del 2019"},"content":{"rendered":"<p><a href=\"http:\/\/saludsinaloa.gob.mx\/wp-content\/uploads\/2017\/boletines\/20-02-2019 SSS ANUNCIA SU PRIMERA SEMANA NACIONAL DE SALUD.pdf\" target=\"_blank\" rel=\"noopener\">Descargar<\/a><\/p>\n<p><strong>SECRETAR\u00cdA DE SALUD DE SINALOA ANUNCIA SU PRIMERA SEMANA NACIONAL DE SALUD<\/strong><\/p>\n<p><em>*Del 23 de febrero al 01 de marzo se intensificar\u00e1n acciones de vacunaci\u00f3n en ni\u00f1os menores de 5 a\u00f1os principalmente<\/em><\/p>\n<p><strong>Culiac\u00e1n, Sinaloa, 20 de febrero del 2019<\/strong>; Bajo el lema \u201cPor el bienestar de tu familia y de M\u00e9xico\u201d,\u00a0 la Secretar\u00eda de Salud de Sinaloa llevar\u00e1 al cabo la primera Semana Nacional de Salud a partir del 23 de febrero y hasta el 01 de marzo, teniendo como objetivo principal la aplicaci\u00f3n de la vacuna Sabin a todos los menores de 5 a\u00f1os para prevenir la polio, adem\u00e1s se refuerza la aplicaci\u00f3n de las vacunas anti rotavirus, anti neumococo, pentavalente, BCG y hepatitis b a menores de 1 a\u00f1o de edad, entre otras actividades.<\/p>\n<p>El Secretario de Salud en Sinaloa, Dr. Efr\u00e9n Encinas Torres, inform\u00f3 que tambi\u00e9n se brindar\u00e1 orientaci\u00f3n a las madres de familia y mujeres embarazadas sobre las medidas preventivas en caso de que su hijo presente una enfermedad respiratoria o diarreica, para ello personal de enfermer\u00eda y voluntario efectuar\u00e1 adem\u00e1s la distribuci\u00f3n de sobres de suero oral, con el objetivo de prevenir la deshidrataci\u00f3.<\/p>\n<p>\u201cComo a\u00f1os anteriores ha sido y un procedimiento establecido como parte del esquema que la rep\u00fablica ha establecido y que ha permitido disminuir y contener diversas enfermedades, pues gracias al sistema de vacunaci\u00f3n hay enfermedades que se han podido erradicar de nuestro pa\u00eds y algunas del mundo como el caso de la poliomielitis, por ejemplo\u201d, manifest\u00f3.<\/p>\n<p>Se\u00f1al\u00f3 que las metas sectoriales a nivel estatal para esta ocasi\u00f3n ser\u00e1n las siguientes: se aplicar\u00e1n 228 mil 922 dosis de vacuna Sabin a ni\u00f1os menores de cinco a\u00f1os, 50 mil 589 dosis de vacunas hexavalente, pentavalente, DTP, SRP, BCG, rotavirus, neumococo y hepatitis B a ni\u00f1os menores de cinco a\u00f1os para iniciar y completar esquemas.<\/p>\n<p>Asimismo, se aplicar\u00e1n 15 mil 471 dosis de vacuna TD a mujeres en edad f\u00e9rtil y a otros adultos en riesgo de contraer t\u00e9tanos, 2 mil 403 dosis de TDP a embarazadas de m\u00e1s de 20 semanas de gestaci\u00f3n. Tambi\u00e9n se proporcionara 258 mil 966 sobres vida suero oral, a madres con hijos menores de 5 a\u00f1os.<\/p>\n<p>Por su parte, el Dr. Jos\u00e9 Carlos Navarro, subdirector de prevenci\u00f3n de la Salud, informo que proporcionar\u00e1n 511 mil 086 mensajes del personal de salud a madres o responsables del cuidado de ni\u00f1os menores de cinco a\u00f1os, sobre los signos de alarma en las diarreas y en las infecciones respiratorias agudas, as\u00ed como sobre prevenci\u00f3n del t\u00e9tanos neonatal. Asimismo se aprovechar\u00e1n las acciones de las brigadas para actualizar registros de ni\u00f1os que inician esquema de vacunaci\u00f3n.<\/p>\n<p>Precis\u00f3 que todas estas acciones ser\u00e1n gratuitas en todo el territorio sinaloense, para ello se instalaran mil 381 puestos de vacunaci\u00f3n en las unidades m\u00e9dicas del sector salud, adem\u00e1s 911 vacunadores y 6 mil 408 voluntarios visitaran domicilios en el estado, para proteger a la poblaci\u00f3n contra las enfermedades prevenibles a trav\u00e9s de las vacunas.<\/p>\n<p>Cabe se\u00f1alar que el evento inaugural de la Semana Nacional de Salud en Sinaloa, ser\u00e1 en el jard\u00edn de ni\u00f1os club activo 20-30 de la colonia las Huertas, el d\u00eda 25 de febrero.<\/p>\n<p>Presentes estuvieron ademas el Jaime Gerardo L\u00f3pez, Subdirector Administrativo asi como el Dr. Filiberto Sanchez, Jefe del departamento de la Salud del Ni\u00f1o y el Adolescente.<\/p>\n<p>&nbsp;<\/p>\n<p>&nbsp;<\/p>\n<p>&nbsp;<\/p>\n<p>Fuente: Departamento de Comunicaci\u00f3n Social a Febrero del 2019<br \/>\nElabor\u00f3: Departamento de Comunicaci\u00f3n Social \u2013 SECRETAR\u00cdA DE SALUD DEL ESTADO DE SINALOA.<\/p>\n","protected":false},"excerpt":{"rendered":"<p>Descargar SECRETAR\u00cdA DE SALUD DE SINALOA ANUNCIA SU PRIMERA SEMANA NACIONAL DE SALUD *Del 23 de febrero al 01 de marzo se intensificar\u00e1n acciones de vacunaci\u00f3n en ni\u00f1os menores de 5 a\u00f1os principalmente Culiac\u00e1n, Sinaloa, 20 de febrero del 2019; Bajo el lema \u201cPor el bienestar de tu familia y de M\u00e9xico\u201d,\u00a0 la Secretar\u00eda de [&hellip;]<\/p>\n","protected":false},"author":1,"featured_media":6550,"comment_status":"closed","ping_status":"open","sticky":false,"template":"","format":"standard","meta":{"footnotes":""},"categories":[4,3],"tags":[],"class_list":["post-6549","post","type-post","status-publish","format-standard","has-post-thumbnail","hentry","category-boletines-prensa","category-prensa"],"_links":{"self":[{"href":"https:\/\/saludsinaloa.gob.mx\/index.php\/wp-json\/wp\/v2\/posts\/6549","targetHints":{"allow":["GET"]}}],"collection":[{"href":"https:\/\/saludsinaloa.gob.mx\/index.php\/wp-json\/wp\/v2\/posts"}],"about":[{"href":"https:\/\/saludsinaloa.gob.mx\/index.php\/wp-json\/wp\/v2\/types\/post"}],"author":[{"embeddable":true,"href":"https:\/\/saludsinaloa.gob.mx\/index.php\/wp-json\/wp\/v2\/users\/1"}],"replies":[{"embeddable":true,"href":"https:\/\/saludsinaloa.gob.mx\/index.php\/wp-json\/wp\/v2\/comments?post=6549"}],"version-history":[{"count":1,"href":"https:\/\/saludsinaloa.gob.mx\/index.php\/wp-json\/wp\/v2\/posts\/6549\/revisions"}],"predecessor-version":[{"id":6551,"href":"https:\/\/saludsinaloa.gob.mx\/index.php\/wp-json\/wp\/v2\/posts\/6549\/revisions\/6551"}],"wp:featuredmedia":[{"embeddable":true,"href":"https:\/\/saludsinaloa.gob.mx\/index.php\/wp-json\/wp\/v2\/media\/6550"}],"wp:attachment":[{"href":"https:\/\/saludsinaloa.gob.mx\/index.php\/wp-json\/wp\/v2\/media?parent=6549"}],"wp:term":[{"taxonomy":"category","embeddable":true,"href":"https:\/\/saludsinaloa.gob.mx\/index.php\/wp-json\/wp\/v2\/categories?post=6549"},{"taxonomy":"post_tag","embeddable":true,"href":"https:\/\/saludsinaloa.gob.mx\/index.php\/wp-json\/wp\/v2\/tags?post=6549"}],"curies":[{"name":"wp","href":"https:\/\/api.w.org\/{rel}","templated":true}]}}