{"id":6539,"date":"2019-02-19T06:40:10","date_gmt":"2019-02-19T06:40:10","guid":{"rendered":"http:\/\/saludsinaloa.gob.mx\/?p=6539"},"modified":"2019-02-21T17:12:02","modified_gmt":"2019-02-21T17:12:02","slug":"carolina-hernandez-matus-nueva-directora-de-la-beneficencia-publica-19-de-febrero-del-2019","status":"publish","type":"post","link":"https:\/\/saludsinaloa.gob.mx\/index.php\/2019\/02\/19\/carolina-hernandez-matus-nueva-directora-de-la-beneficencia-publica-19-de-febrero-del-2019\/","title":{"rendered":"CAROLINA HERN\u00c1NDEZ MATUS, NUEVA DIRECTORA DE LA BENEFICENCIA P\u00daBLICA . 19 de febrero del 2019"},"content":{"rendered":"<p><a href=\"http:\/\/saludsinaloa.gob.mx\/wp-content\/uploads\/2017\/boletines\/19-02-2019 CAROLINA HERNANDEZ MATUS.pdf\" target=\"_blank\" rel=\"noopener\">Descargar<\/a><\/p>\n<p><strong>CAROLINA HERN\u00c1NDEZ MATUS, NUEVA DIRECTORA DE LA BENEFICENCIA P\u00daBLICA <\/strong><\/p>\n<p><strong>\u00a0<\/strong><em>*Sustituye a Mar\u00eda Fernanda Rodr\u00edguez Castro, quien asumi\u00f3 la Direcci\u00f3n del Centro Regional de Rehabilitaci\u00f3n Integral (CRRI) Mazatl\u00e1n.<\/em><\/p>\n<p><strong><em>\u00a0<\/em>Culiac\u00e1n, Sinaloa, 19 de febrero de 2019.-<\/strong> El secretario de Salud en Sinaloa, Dr. Efr\u00e9n Encinas Torres, tom\u00f3 protesta a Carolina Hern\u00e1ndez Matus como nueva directora de la Administraci\u00f3n de la Beneficencia P\u00fablica del Estado de Sinaloa.<\/p>\n<p>En el acto protocolario, el tambi\u00e9n director de los Servicios de Salud manifest\u00f3 su benepl\u00e1cito por el desempe\u00f1o realizado por Carolina Hern\u00e1ndez Matus en anteriores responsabilidades enfocadas en servir al pueblo sinaloense, aportando su capacidad y desempe\u00f1o de este cargo con responsabilidad, eficiencia y austeridad.<\/p>\n<p>\u201cEs una persona que siempre ha estado atenta en las acciones que implican la responsabilidad del Gobierno del Estado y ha sido muy importante como apoyo a todas las secretar\u00edas; por lo que nos da mucho gusto que venga a hacerse cargo de la Beneficencia P\u00fablica, un \u00e1rea que se encarga de beneficiar a las personas que requieren apoyo solidario y somos de la tarea, como dice nuestro Gobernador, c\u00f3mo s\u00ed podemos ayudar a la gente\u201d, expres\u00f3.<\/p>\n<p>Por su parte, Carolina Hern\u00e1ndez Matus, se mostr\u00f3 convencida de aceptar este reto de trabajar con dinamismo y creatividad en el \u00e1rea que significa el coraz\u00f3n de la secretar\u00eda de salud.<\/p>\n<p>\u201cCon muchas ganas de sumarme al equipo del \u00e1rea que es el coraz\u00f3n de los temas de salud, vengo con la mejor disposici\u00f3n y con mucha tarea de seguir con el buen trabajo que Mar\u00eda Fernanda estaba realizando dentro de la Beneficencia P\u00fablica; yo vengo con la misma encomienda de seguir con los buenos trabajos\u201d, dijo.<\/p>\n<p>&nbsp;<\/p>\n<p>&nbsp;<\/p>\n<p>Fuente: Departamento de Comunicaci\u00f3n Social a Febrero del 2019<br \/>\nElabor\u00f3: Departamento de Comunicaci\u00f3n Social \u2013 SECRETAR\u00cdA DE SALUD DEL ESTADO DE SINALOA.<\/p>\n","protected":false},"excerpt":{"rendered":"<p>Descargar CAROLINA HERN\u00c1NDEZ MATUS, NUEVA DIRECTORA DE LA BENEFICENCIA P\u00daBLICA \u00a0*Sustituye a Mar\u00eda Fernanda Rodr\u00edguez Castro, quien asumi\u00f3 la Direcci\u00f3n del Centro Regional de Rehabilitaci\u00f3n Integral (CRRI) Mazatl\u00e1n. \u00a0Culiac\u00e1n, Sinaloa, 19 de febrero de 2019.- El secretario de Salud en Sinaloa, Dr. Efr\u00e9n Encinas Torres, tom\u00f3 protesta a Carolina Hern\u00e1ndez Matus como nueva directora de [&hellip;]<\/p>\n","protected":false},"author":1,"featured_media":6540,"comment_status":"closed","ping_status":"open","sticky":false,"template":"","format":"standard","meta":{"footnotes":""},"categories":[4,3],"tags":[],"class_list":["post-6539","post","type-post","status-publish","format-standard","has-post-thumbnail","hentry","category-boletines-prensa","category-prensa"],"_links":{"self":[{"href":"https:\/\/saludsinaloa.gob.mx\/index.php\/wp-json\/wp\/v2\/posts\/6539","targetHints":{"allow":["GET"]}}],"collection":[{"href":"https:\/\/saludsinaloa.gob.mx\/index.php\/wp-json\/wp\/v2\/posts"}],"about":[{"href":"https:\/\/saludsinaloa.gob.mx\/index.php\/wp-json\/wp\/v2\/types\/post"}],"author":[{"embeddable":true,"href":"https:\/\/saludsinaloa.gob.mx\/index.php\/wp-json\/wp\/v2\/users\/1"}],"replies":[{"embeddable":true,"href":"https:\/\/saludsinaloa.gob.mx\/index.php\/wp-json\/wp\/v2\/comments?post=6539"}],"version-history":[{"count":1,"href":"https:\/\/saludsinaloa.gob.mx\/index.php\/wp-json\/wp\/v2\/posts\/6539\/revisions"}],"predecessor-version":[{"id":6541,"href":"https:\/\/saludsinaloa.gob.mx\/index.php\/wp-json\/wp\/v2\/posts\/6539\/revisions\/6541"}],"wp:featuredmedia":[{"embeddable":true,"href":"https:\/\/saludsinaloa.gob.mx\/index.php\/wp-json\/wp\/v2\/media\/6540"}],"wp:attachment":[{"href":"https:\/\/saludsinaloa.gob.mx\/index.php\/wp-json\/wp\/v2\/media?parent=6539"}],"wp:term":[{"taxonomy":"category","embeddable":true,"href":"https:\/\/saludsinaloa.gob.mx\/index.php\/wp-json\/wp\/v2\/categories?post=6539"},{"taxonomy":"post_tag","embeddable":true,"href":"https:\/\/saludsinaloa.gob.mx\/index.php\/wp-json\/wp\/v2\/tags?post=6539"}],"curies":[{"name":"wp","href":"https:\/\/api.w.org\/{rel}","templated":true}]}}