{"id":6532,"date":"2019-02-19T06:30:56","date_gmt":"2019-02-19T06:30:56","guid":{"rendered":"http:\/\/saludsinaloa.gob.mx\/?p=6532"},"modified":"2019-02-20T20:07:33","modified_gmt":"2019-02-20T20:07:33","slug":"no-hay-epidemia-de-hepatitis-en-sinaloa-19-de-febrero-del-2019","status":"publish","type":"post","link":"https:\/\/saludsinaloa.gob.mx\/index.php\/2019\/02\/19\/no-hay-epidemia-de-hepatitis-en-sinaloa-19-de-febrero-del-2019\/","title":{"rendered":"NO HAY EPIDEMIA DE HEPATITIS EN SINALOA. 19 de febrero del 2019"},"content":{"rendered":"<p><a href=\"http:\/\/saludsinaloa.gob.mx\/wp-content\/uploads\/2017\/boletines\/19-02-2019 NO HAY EPIDEMIA DE HEPATITIS EN SINALOA.pdf\" target=\"_blank\" rel=\"noopener\">Descargar<\/a><\/p>\n<p><strong>NO HAY EPIDEMIA DE HEPATITIS EN SINALOA<\/strong><\/p>\n<p><em>\u00a0*Especialistas explican que esta es una enfermedad auto limitada que no pone en riesgo la salud de la poblaci\u00f3n, y si bien se dio un brote de 14 enfermos en Ahome ninguno fue de gravedad gracias a que se atendi\u00f3 a tiempo.\u00a0 La manera m\u00e1s eficaz para prevenirla son las medidas de higiene.<\/em><\/p>\n<p><strong>Culiac\u00e1n, Sinaloa, 19 de febrero del 2019<\/strong>; La vacuna contra la Hepatitis A no forma parte del esquema continuo del Programa de Vacunaci\u00f3n Federal y Estatal, porque se trata de una enfermedad auto limitada que no pone en riesgo la salud de la poblaci\u00f3n, explic\u00f3 la Dra. Alma Carmina Rodr\u00edguez, Responsable Estatal del Programa de Vacunaci\u00f3n de la Secretar\u00eda de Salud.<\/p>\n<p>Durante una entrevista, se asegur\u00f3 que no hay una epidemia de esta enfermedad en el estado, y si bien se detectaron 14 casos en una escuela en Ahome el mes pasado, ninguno fue de gravedad al atenderlos a tiempo.<\/p>\n<p>La especialista explic\u00f3 que dentro de los lineamientos generales que se contemplan en el Programa de Vacunaci\u00f3n tambi\u00e9n se contempla la Hepatitis A como parte de las acciones y estrategias, sin embargo esta vacuna va a enfocada a un grupo de riesgo bien establecidos que son; guarder\u00edas, estancias infantiles e hijos de jornaleros en campos agr\u00edcolas.<\/p>\n<p>\u201c\u00bfPorque no forma parte del esquema permanente?, Porque es una enfermedad auto limitada y dentro del panorama epidemiol\u00f3gico no est\u00e1 poniendo en riesgo la salud o con consecuencias tan graves como seria no aplicar la vacuna de sarampi\u00f3n que puede poner en riesgo de muerte al ni\u00f1o\u201d, aclar\u00f3.<\/p>\n<p>En tanto, el Dr. Filiberto S\u00e1nchez Bernal, Jefe del Departamento de Salud de la Ni\u00f1ez y la Adolescencia, inform\u00f3 que la Hepatitis A es una infecci\u00f3n viral que entra a trav\u00e9s de la boca y el medio de contaminaci\u00f3n es fecal &#8211; oral, se adquiere principalmente de agua contaminada, de ah\u00ed la importancia de los cuidados en la higiene en el manejo de los alimentos.<\/p>\n<p>\u201cLo m\u00e1s importante es que es auto limitada se va a quitar, no hay medicamento o tratamiento, se auto limitada y generalmente no deja secuela, no pasa nada. Si es importante como Secretar\u00eda de Salud informar a la poblaci\u00f3n que no tiene por qu\u00e9 haber una psicosis en relaci\u00f3n en casos de hepatitis A porque todos los a\u00f1os hay y la soluci\u00f3n no es la vacuna, son las medidas higi\u00e9nicas\u201d, manifest\u00f3.<\/p>\n<p>Explic\u00f3 que los brotes generalmente son en las escuelas debido a que los ni\u00f1os toman de mismo vaso y se lleva la contaminaci\u00f3n directo a su organismo. Adem\u00e1s detall\u00f3 que el periodo de su incubaci\u00f3n va de 14 a 28 d\u00edas es el tiempo que va a tardar en aparecer los s\u00edntomas de hepatitis los cuales son; El ni\u00f1o se pondr\u00e1 amarillo, dolor abdominal, puede producir v\u00f3mitos, diarrea, fiebre, entre los m\u00e1s comunes.<\/p>\n<p>Agreg\u00f3 que si bien todos estamos expuestos como cualquier otra enfermedad viral o bacteriana es importante prevenirla mediante medidas de higiene b\u00e1sicas; el lavado de mano constante y preparar alimentos con toda la higiene posible.<\/p>\n<p>&nbsp;<\/p>\n<p>&nbsp;<\/p>\n<p>&nbsp;<\/p>\n<p>Fuente: Departamento de Comunicaci\u00f3n Social a Febrero del 2019<br \/>\nElabor\u00f3: Departamento de Comunicaci\u00f3n Social \u2013 SECRETAR\u00cdA DE SALUD DEL ESTADO DE SINALOA.<\/p>\n","protected":false},"excerpt":{"rendered":"<p>Descargar NO HAY EPIDEMIA DE HEPATITIS EN SINALOA \u00a0*Especialistas explican que esta es una enfermedad auto limitada que no pone en riesgo la salud de la poblaci\u00f3n, y si bien se dio un brote de 14 enfermos en Ahome ninguno fue de gravedad gracias a que se atendi\u00f3 a tiempo.\u00a0 La manera m\u00e1s eficaz para [&hellip;]<\/p>\n","protected":false},"author":1,"featured_media":6533,"comment_status":"closed","ping_status":"open","sticky":false,"template":"","format":"standard","meta":{"footnotes":""},"categories":[4,3],"tags":[],"class_list":["post-6532","post","type-post","status-publish","format-standard","has-post-thumbnail","hentry","category-boletines-prensa","category-prensa"],"_links":{"self":[{"href":"https:\/\/saludsinaloa.gob.mx\/index.php\/wp-json\/wp\/v2\/posts\/6532","targetHints":{"allow":["GET"]}}],"collection":[{"href":"https:\/\/saludsinaloa.gob.mx\/index.php\/wp-json\/wp\/v2\/posts"}],"about":[{"href":"https:\/\/saludsinaloa.gob.mx\/index.php\/wp-json\/wp\/v2\/types\/post"}],"author":[{"embeddable":true,"href":"https:\/\/saludsinaloa.gob.mx\/index.php\/wp-json\/wp\/v2\/users\/1"}],"replies":[{"embeddable":true,"href":"https:\/\/saludsinaloa.gob.mx\/index.php\/wp-json\/wp\/v2\/comments?post=6532"}],"version-history":[{"count":1,"href":"https:\/\/saludsinaloa.gob.mx\/index.php\/wp-json\/wp\/v2\/posts\/6532\/revisions"}],"predecessor-version":[{"id":6534,"href":"https:\/\/saludsinaloa.gob.mx\/index.php\/wp-json\/wp\/v2\/posts\/6532\/revisions\/6534"}],"wp:featuredmedia":[{"embeddable":true,"href":"https:\/\/saludsinaloa.gob.mx\/index.php\/wp-json\/wp\/v2\/media\/6533"}],"wp:attachment":[{"href":"https:\/\/saludsinaloa.gob.mx\/index.php\/wp-json\/wp\/v2\/media?parent=6532"}],"wp:term":[{"taxonomy":"category","embeddable":true,"href":"https:\/\/saludsinaloa.gob.mx\/index.php\/wp-json\/wp\/v2\/categories?post=6532"},{"taxonomy":"post_tag","embeddable":true,"href":"https:\/\/saludsinaloa.gob.mx\/index.php\/wp-json\/wp\/v2\/tags?post=6532"}],"curies":[{"name":"wp","href":"https:\/\/api.w.org\/{rel}","templated":true}]}}