{"id":6349,"date":"2019-02-08T06:14:58","date_gmt":"2019-02-08T06:14:58","guid":{"rendered":"http:\/\/saludsinaloa.gob.mx\/?p=6349"},"modified":"2019-02-12T19:20:01","modified_gmt":"2019-02-12T19:20:01","slug":"la-odontologia-complementa-la-salud-de-la-poblacion-08-de-febrero-del-2019","status":"publish","type":"post","link":"https:\/\/saludsinaloa.gob.mx\/index.php\/2019\/02\/08\/la-odontologia-complementa-la-salud-de-la-poblacion-08-de-febrero-del-2019\/","title":{"rendered":"LA ODONTOLOG\u00cdA COMPLEMENTA LA SALUD DE LA POBLACI\u00d3N. 08 de febrero del 2019"},"content":{"rendered":"<p><a href=\"http:\/\/saludsinaloa.gob.mx\/wp-content\/uploads\/2017\/boletines\/08-02-2019 DIA DEL ODONTOLOGO.pdf\" target=\"_blank\" rel=\"noopener\">Descargar<\/a><\/p>\n<p><strong>LA ODONTOLOG\u00cdA COMPLEMENTA LA SALUD DE LA POBLACI\u00d3N<\/strong><\/p>\n<p><em>*Con actividades acad\u00e9micas la Secretar\u00eda de Salud celebra el 9 de febrero, D\u00eda del Odont\u00f3logo.<\/em><\/p>\n<p><strong>Culiac\u00e1n, Sinaloa, 8 de febrero de 2019<\/strong>; En el marco de la celebraci\u00f3n del D\u00eda del Odont\u00f3logo, 9 de febrero, la Secretar\u00eda de Salud del Gobierno del Estado de Sinaloa prepar\u00f3 un Ciclo de Conferencias enfocadas a la capacitaci\u00f3n de los profesionales de la salud bucal de la entidad.<\/p>\n<p>Con alrededor de 150 m\u00e9dicos odont\u00f3logos beneficiados en las actividades acad\u00e9micas que forman parte de esta jornada, el Secretario de Salud, Dr. Efr\u00e9n Encinas Torres, reconoci\u00f3 la labor de prevenci\u00f3n en cuanto a la salud bucal hechas por ellos y asegur\u00f3 que ha girado las instrucciones correspondientes para que se trabaje a pasos agigantados y r\u00e1pidos para que cuenten con el equipamiento e insumos que les permitan continuar con el trabajo que han realizado.<\/p>\n<p>\u201cLas acciones preventivas realizadas por ustedes, el gremio de odontolog\u00eda, en materia de acciones de fomento a la salud, promoci\u00f3n y educaci\u00f3n, viene a refrendar el trabajo que hacen en pro de los sinaloenses y que representa un impacto trascendente del cual nuestro Gobernador, Quirino Ordaz Coppel y su esposa, est\u00e1n atentos de ello y conocen lo que ustedes han hecho; nuestro gobernador ha sido muy sensible y andamos gestionando aspectos de orden directo para el equipamiento de todas las unidades y adem\u00e1s insumos para que sigan atendiendo a quien demanda esta atenci\u00f3n\u201d, dijo.<\/p>\n<p>Asimismo, el Director de Prevenci\u00f3n y Promoci\u00f3n de la Salud, Dr. Rafael F\u00e9lix Espinoza, destac\u00f3 la importancia de festejar este d\u00eda con actividades de trabajo acad\u00e9mico que tengan como finalidad capacitar y actualizar a los profesionales de la salud bucal de Sinaloa.<\/p>\n<p>\u201cTodos hemos requerido en alguna etapa de nuestra vida a un odont\u00f3logo porque la higiene bucal es una de las partes fundamentales para evitar repercusiones en otras partes del organismo; de tal manera que ah\u00ed empieza el trabajo que estamos haciendo en las escuelas, 4 millones 500 mil actividades educativas se realizaron en un a\u00f1o y eso significa el trabajo de ustedes\u201d, puntualiz\u00f3.<\/p>\n<p>Por su parte la Sra. Mireya Rodr\u00edguez de Encinas, presidenta del Voluntariado de la Secretar\u00eda de Salud y tambi\u00e9n odont\u00f3loga, calific\u00f3 a la profesi\u00f3n como noble, que implica la responsabilidad de atender a quien m\u00e1s lo necesita.<\/p>\n<p>\u201cLa profesi\u00f3n de la odontolog\u00eda es una profesi\u00f3n muy noble, da salud y nosotros tenemos una gran responsabilidad, hemos buscado la manera de siempre atender a la gente que m\u00e1s lo necesita, sabemos de todo coraz\u00f3n que hacemos las cosas por querer ayudar y por querer dar salud a las personas que nos lo solicitan; los felicito y me felicito por pertenecer a este gran grupo de odont\u00f3logos\u201d, expres\u00f3.<\/p>\n<p>El 9 de febrero de cada a\u00f1o, en M\u00e9xico se celebra el D\u00eda del Odont\u00f3logo con el fin de reconocer los servicios que ofrecen d\u00eda a d\u00eda estos profesionales de la salud para prevenir y tratar las enfermedades dentales en adultos y ni\u00f1os; la celebraci\u00f3n de este d\u00eda fue aprobada por la C\u00e1mara de Diputados el 10 de abril del 2014.<\/p>\n<p>&nbsp;<\/p>\n<p>&nbsp;<\/p>\n<p>&nbsp;<\/p>\n<p>&nbsp;<\/p>\n<p>Fuente: Departamento de Comunicaci\u00f3n Social a Febrero del 2019<br \/>\nElabor\u00f3: Departamento de Comunicaci\u00f3n Social \u2013 SECRETAR\u00cdA DE SALUD DEL ESTADO DE SINALOA.<\/p>\n","protected":false},"excerpt":{"rendered":"<p>Descargar LA ODONTOLOG\u00cdA COMPLEMENTA LA SALUD DE LA POBLACI\u00d3N *Con actividades acad\u00e9micas la Secretar\u00eda de Salud celebra el 9 de febrero, D\u00eda del Odont\u00f3logo. Culiac\u00e1n, Sinaloa, 8 de febrero de 2019; En el marco de la celebraci\u00f3n del D\u00eda del Odont\u00f3logo, 9 de febrero, la Secretar\u00eda de Salud del Gobierno del Estado de Sinaloa prepar\u00f3 [&hellip;]<\/p>\n","protected":false},"author":1,"featured_media":6350,"comment_status":"closed","ping_status":"open","sticky":false,"template":"","format":"standard","meta":{"footnotes":""},"categories":[4,3],"tags":[],"class_list":["post-6349","post","type-post","status-publish","format-standard","has-post-thumbnail","hentry","category-boletines-prensa","category-prensa"],"_links":{"self":[{"href":"https:\/\/saludsinaloa.gob.mx\/index.php\/wp-json\/wp\/v2\/posts\/6349","targetHints":{"allow":["GET"]}}],"collection":[{"href":"https:\/\/saludsinaloa.gob.mx\/index.php\/wp-json\/wp\/v2\/posts"}],"about":[{"href":"https:\/\/saludsinaloa.gob.mx\/index.php\/wp-json\/wp\/v2\/types\/post"}],"author":[{"embeddable":true,"href":"https:\/\/saludsinaloa.gob.mx\/index.php\/wp-json\/wp\/v2\/users\/1"}],"replies":[{"embeddable":true,"href":"https:\/\/saludsinaloa.gob.mx\/index.php\/wp-json\/wp\/v2\/comments?post=6349"}],"version-history":[{"count":1,"href":"https:\/\/saludsinaloa.gob.mx\/index.php\/wp-json\/wp\/v2\/posts\/6349\/revisions"}],"predecessor-version":[{"id":6351,"href":"https:\/\/saludsinaloa.gob.mx\/index.php\/wp-json\/wp\/v2\/posts\/6349\/revisions\/6351"}],"wp:featuredmedia":[{"embeddable":true,"href":"https:\/\/saludsinaloa.gob.mx\/index.php\/wp-json\/wp\/v2\/media\/6350"}],"wp:attachment":[{"href":"https:\/\/saludsinaloa.gob.mx\/index.php\/wp-json\/wp\/v2\/media?parent=6349"}],"wp:term":[{"taxonomy":"category","embeddable":true,"href":"https:\/\/saludsinaloa.gob.mx\/index.php\/wp-json\/wp\/v2\/categories?post=6349"},{"taxonomy":"post_tag","embeddable":true,"href":"https:\/\/saludsinaloa.gob.mx\/index.php\/wp-json\/wp\/v2\/tags?post=6349"}],"curies":[{"name":"wp","href":"https:\/\/api.w.org\/{rel}","templated":true}]}}