{"id":6260,"date":"2019-02-01T06:20:46","date_gmt":"2019-02-01T06:20:46","guid":{"rendered":"http:\/\/saludsinaloa.gob.mx\/?p=6260"},"modified":"2019-02-07T17:12:03","modified_gmt":"2019-02-07T17:12:03","slug":"6260","status":"publish","type":"post","link":"https:\/\/saludsinaloa.gob.mx\/index.php\/2019\/02\/01\/6260\/","title":{"rendered":"CASOS DE PAPERAS SON NORMALES, EL PADECIMIENTO ES CICILICO Y NO HAY MOTIVO DE ALARMA: DR. EDGARDO TOSTADO. 01 de febrero del 2019"},"content":{"rendered":"<p><a href=\"http:\/\/saludsinaloa.gob.mx\/wp-content\/uploads\/2017\/boletines\/01-02-2019 NO HAY MOTIVO DE ALARMA POR CASOS DE PAPERAS EN SINALOA.pdf\" target=\"_blank\" rel=\"noopener\">Descargar<\/a><\/p>\n<p><strong>CASOS DE PAPERAS SON NORMALES, EL PADECIMIENTO ES CICILICO Y NO HAY MOTIVO DE ALARMA: DR. EDGARDO TOSTADO<\/strong><\/p>\n<p><em>* El Hospital Pedi\u00e1trico de Sinaloa est\u00e1 a la orden de las y los ni\u00f1os del noroeste del pa\u00eds que requieran atenci\u00f3n m\u00e9dica.<\/em><\/p>\n<p>Culiac\u00e1n, Sinaloa, 1 febrero de 2019; Los casos de parotiditis, mejor conocidas como paperas, no se han incrementado en pacientes que acuden a consultas en el Hospital Pedi\u00e1trico de Sinaloa, al ser considerada como una enfermedad no com\u00fan los sistemas de salud en nuestro estado cuentan con las vacunas necesarias para prevenirla, advirti\u00f3 en Dr. Edgardo Tostado, Jefe de Urgencias del Hospital Pedi\u00e1trico de Sinaloa.<\/p>\n<p>\u201cLos agentes infecciosos que pueden provocar la parotiditis son diversos, no es una enfermedad com\u00fan afortunadamente tenemos la vacuna que se incluye en la cartilla nacional de salud, es por ello que no hay por qu\u00e9 alarmarnos en la ciudad ni en el estado, no ha habido incremento importante en el n\u00famero de los casos de esta enfermedad que se puede presentar tanto en ni\u00f1os como en adultos\u201d, explic\u00f3.<\/p>\n<p>La enfermedad de las paperas es una inflamaci\u00f3n de las gl\u00e1ndulas salivales que se llaman par\u00f3tidas, mismas que se encargan de producir saliva y se ubican delante de las orejas; al momento de verse afectadas por diversas causas pueden provocar inflamaci\u00f3n o reacciones qu\u00edmicas, la mayor\u00eda de las ocasiones se manifiesta como una enfermedad infecciosa provocada por un virus.<\/p>\n<p>En el pasado era m\u00e1s com\u00fan esta enfermedad, desde la implementaci\u00f3n de la vacuna contra la parotiditis han disminuido los casos. Los s\u00edntomas que pueden presentar las personas con paperas son aumento de volumen o endurecimiento a la altura de las par\u00f3tidas, calor local en la regi\u00f3n del cuello al lado de los o\u00eddos y acudir inmediatamente con un pediatra certificado para que revise al paciente ya que es m\u00e1s com\u00fan que se presente en ni\u00f1os.<\/p>\n<p>Las paperas es una enfermedad contagiosa que se puede transmitir por contacto con unas gotitas de saliva, estornudos o al toser, al hablar o compartir objetos personales. Si ya se tiene el diagn\u00f3stico de esta enfermedad es recomendable el reposo por una semana y evitar el contacto con muchas personas, hidrataci\u00f3n y alimentaci\u00f3n adecuada.<\/p>\n<p>Es importante la vacunaci\u00f3n en la infancia porque ayuda a evitar enfermedades como esta que son altamente contagiosas, es totalmente gratuita y se incluye en la cartilla nacional de salud, por lo que debe ser aplicada en tiempo y forma adecuada en ni\u00f1as y ni\u00f1os.<\/p>\n<p>&nbsp;<\/p>\n<p>&nbsp;<\/p>\n<p>Fuente: Departamento de Comunicaci\u00f3n Social a Febrero del 2019<br \/>\nElabor\u00f3: Departamento de Comunicaci\u00f3n Social \u2013 SECRETAR\u00cdA DE SALUD DEL ESTADO DE SINALOA.<\/p>\n","protected":false},"excerpt":{"rendered":"<p>Descargar CASOS DE PAPERAS SON NORMALES, EL PADECIMIENTO ES CICILICO Y NO HAY MOTIVO DE ALARMA: DR. EDGARDO TOSTADO * El Hospital Pedi\u00e1trico de Sinaloa est\u00e1 a la orden de las y los ni\u00f1os del noroeste del pa\u00eds que requieran atenci\u00f3n m\u00e9dica. Culiac\u00e1n, Sinaloa, 1 febrero de 2019; Los casos de parotiditis, mejor conocidas como [&hellip;]<\/p>\n","protected":false},"author":1,"featured_media":6261,"comment_status":"closed","ping_status":"open","sticky":false,"template":"","format":"standard","meta":{"footnotes":""},"categories":[4,3],"tags":[],"class_list":["post-6260","post","type-post","status-publish","format-standard","has-post-thumbnail","hentry","category-boletines-prensa","category-prensa"],"_links":{"self":[{"href":"https:\/\/saludsinaloa.gob.mx\/index.php\/wp-json\/wp\/v2\/posts\/6260","targetHints":{"allow":["GET"]}}],"collection":[{"href":"https:\/\/saludsinaloa.gob.mx\/index.php\/wp-json\/wp\/v2\/posts"}],"about":[{"href":"https:\/\/saludsinaloa.gob.mx\/index.php\/wp-json\/wp\/v2\/types\/post"}],"author":[{"embeddable":true,"href":"https:\/\/saludsinaloa.gob.mx\/index.php\/wp-json\/wp\/v2\/users\/1"}],"replies":[{"embeddable":true,"href":"https:\/\/saludsinaloa.gob.mx\/index.php\/wp-json\/wp\/v2\/comments?post=6260"}],"version-history":[{"count":2,"href":"https:\/\/saludsinaloa.gob.mx\/index.php\/wp-json\/wp\/v2\/posts\/6260\/revisions"}],"predecessor-version":[{"id":6263,"href":"https:\/\/saludsinaloa.gob.mx\/index.php\/wp-json\/wp\/v2\/posts\/6260\/revisions\/6263"}],"wp:featuredmedia":[{"embeddable":true,"href":"https:\/\/saludsinaloa.gob.mx\/index.php\/wp-json\/wp\/v2\/media\/6261"}],"wp:attachment":[{"href":"https:\/\/saludsinaloa.gob.mx\/index.php\/wp-json\/wp\/v2\/media?parent=6260"}],"wp:term":[{"taxonomy":"category","embeddable":true,"href":"https:\/\/saludsinaloa.gob.mx\/index.php\/wp-json\/wp\/v2\/categories?post=6260"},{"taxonomy":"post_tag","embeddable":true,"href":"https:\/\/saludsinaloa.gob.mx\/index.php\/wp-json\/wp\/v2\/tags?post=6260"}],"curies":[{"name":"wp","href":"https:\/\/api.w.org\/{rel}","templated":true}]}}