{"id":6075,"date":"2019-01-17T06:27:06","date_gmt":"2019-01-17T06:27:06","guid":{"rendered":"http:\/\/saludsinaloa.gob.mx\/?p=6075"},"modified":"2019-01-22T20:31:57","modified_gmt":"2019-01-22T20:31:57","slug":"secretaria-de-salud-entrega-becas-a-centros-de-rehabilitacion-17-de-enero-del-2019","status":"publish","type":"post","link":"https:\/\/saludsinaloa.gob.mx\/index.php\/2019\/01\/17\/secretaria-de-salud-entrega-becas-a-centros-de-rehabilitacion-17-de-enero-del-2019\/","title":{"rendered":"SECRETAR\u00cdA DE SALUD ENTREGA BECAS A CENTROS DE REHABILITACI\u00d3N. 17 de enero del 2019"},"content":{"rendered":"<p><a href=\"http:\/\/saludsinaloa.gob.mx\/wp-content\/uploads\/2017\/boletines\/17-01-2019 SECRETARIA DE SALUD ENTREGA BECAS A CENTROS DE REHABILITACION.pdf\" target=\"_blank\" rel=\"noopener\">Descargar<\/a><\/p>\n<p>&nbsp;<\/p>\n<p><strong>SECRETAR\u00cdA DE SALUD ENTREGA BECAS A CENTROS DE REHABILITACI\u00d3N<\/strong><\/p>\n<p><em>*Dr. Efr\u00e9n Encinas Torres, ratifica el compromiso para apoyar y capacitar a centros de rehabilitaci\u00f3n para lograr rehabilitar a personas que padecen problemas de adicciones<\/em><\/p>\n<p>Culiac\u00e1n, Sinaloa, 17 de enero del 2019; En apoyo a 108 centros de tratamiento a las adicciones, el Dr. Efr\u00e9n Encinas Torres entrego 2 millones 500 mil pesos del Programa de Becas para personas que padecen de adicciones.<\/p>\n<p>El tambi\u00e9n Director General de los Servicios de Salud, manifest\u00f3 el compromiso del Gobernador del Estado, Quirino Ordaz Coppel, de apoyar a los Centros de Rehabilitaci\u00f3n para que de manera multidisciplinaria autoridades de gobierno, asociaciones civiles y sociedad, realicen un trabajo en conjunto para ejercer acciones que vayan encaminadas a la prevenci\u00f3n y tratamiento adecuado contra las adicciones.<\/p>\n<p>\u201cEl Gobernador est\u00e1 muy interesado en este tema y siempre hemos recibido el apoyo de su parte, cuando yo entre como secretario de salud \u00e9l me se\u00f1al\u00f3 de manera muy espec\u00edfica la importancia que tienen estos centros del grupo de la poblaci\u00f3n altamente vulnerable que ustedes manejan, ustedes participan de manera muy activa y efectiva con un n\u00famero trascendente de compa\u00f1eros que est\u00e1n a cargo atendiendo a esta poblaci\u00f3n altamente vulnerable\u201d, se\u00f1al\u00f3.<\/p>\n<p>Por su parte, la Sra. Eva Luz S\u00e1nchez Estrada, beneficiada por una beca para su nieto de 17 a\u00f1os de edad, se dijo agradecida por el apoyo recibido al compartir que su nieto padec\u00eda adicci\u00f3n sobre la coca\u00edna y mariguana y actualmente se encuentra sobrio gracias al tratamiento que ha recibido.<\/p>\n<p>\u201cEstoy muy agradecida y espero que mi nieto salga adelante para bien m\u00edo y de \u00e9l, porque \u00e9l andaba muy mal, y ahora se encuentra mejor y estoy muy agradecida porque ellos me apoyaron\u201d, Coment\u00f3.<\/p>\n<p>En tanto, el Dr. Cristhian Aldo Mu\u00f1oz Madrid, Comisionado Estatal de CEPTCA, detall\u00f3 que en esta ocasi\u00f3n los Pagos a Servicios Subsidiados de Tratamiento Residencial a las Adicciones por el Estado fueron para 3 Asociaciones; Asociaci\u00f3n Culiac\u00e1n de Centros de Rehabilitaci\u00f3n, A. C., Federaci\u00f3n Sinaloense de Centros de Rehabilitaci\u00f3n, A.C., Red Rehabilita, A.C., beneficiando con esto a 250 pacientes que no cuentan con los recursos para costear dicho tratamiento.<\/p>\n<p>En el evento, tambi\u00e9n estuvieron el Dr. V\u00edctor Hugo S\u00e1nchez Malof, subsecretario de Atenci\u00f3n M\u00e9dica; Dr. Hugo Cesar Valdez Santill\u00e1n, Responsable de Departamento de Supervisi\u00f3n de Centros de Rehabilitaci\u00f3n; C.P. Juan Camacho Castro, Administrador de CEPTCA, entre otros invitados especiales.<\/p>\n<p><strong>\u00a0<\/strong><\/p>\n<p>&nbsp;<\/p>\n<p>Fuente: Departamento de Comunicaci\u00f3n Social a Enero del 2019<br \/>\nElabor\u00f3: Departamento de Comunicaci\u00f3n Social \u2013 SECRETAR\u00cdA DE SALUD DEL ESTADO DE SINALOA.<\/p>\n","protected":false},"excerpt":{"rendered":"<p>Descargar &nbsp; SECRETAR\u00cdA DE SALUD ENTREGA BECAS A CENTROS DE REHABILITACI\u00d3N *Dr. Efr\u00e9n Encinas Torres, ratifica el compromiso para apoyar y capacitar a centros de rehabilitaci\u00f3n para lograr rehabilitar a personas que padecen problemas de adicciones Culiac\u00e1n, Sinaloa, 17 de enero del 2019; En apoyo a 108 centros de tratamiento a las adicciones, el Dr. [&hellip;]<\/p>\n","protected":false},"author":1,"featured_media":6076,"comment_status":"closed","ping_status":"open","sticky":false,"template":"","format":"standard","meta":{"footnotes":""},"categories":[4,3],"tags":[],"class_list":["post-6075","post","type-post","status-publish","format-standard","has-post-thumbnail","hentry","category-boletines-prensa","category-prensa"],"_links":{"self":[{"href":"https:\/\/saludsinaloa.gob.mx\/index.php\/wp-json\/wp\/v2\/posts\/6075","targetHints":{"allow":["GET"]}}],"collection":[{"href":"https:\/\/saludsinaloa.gob.mx\/index.php\/wp-json\/wp\/v2\/posts"}],"about":[{"href":"https:\/\/saludsinaloa.gob.mx\/index.php\/wp-json\/wp\/v2\/types\/post"}],"author":[{"embeddable":true,"href":"https:\/\/saludsinaloa.gob.mx\/index.php\/wp-json\/wp\/v2\/users\/1"}],"replies":[{"embeddable":true,"href":"https:\/\/saludsinaloa.gob.mx\/index.php\/wp-json\/wp\/v2\/comments?post=6075"}],"version-history":[{"count":1,"href":"https:\/\/saludsinaloa.gob.mx\/index.php\/wp-json\/wp\/v2\/posts\/6075\/revisions"}],"predecessor-version":[{"id":6077,"href":"https:\/\/saludsinaloa.gob.mx\/index.php\/wp-json\/wp\/v2\/posts\/6075\/revisions\/6077"}],"wp:featuredmedia":[{"embeddable":true,"href":"https:\/\/saludsinaloa.gob.mx\/index.php\/wp-json\/wp\/v2\/media\/6076"}],"wp:attachment":[{"href":"https:\/\/saludsinaloa.gob.mx\/index.php\/wp-json\/wp\/v2\/media?parent=6075"}],"wp:term":[{"taxonomy":"category","embeddable":true,"href":"https:\/\/saludsinaloa.gob.mx\/index.php\/wp-json\/wp\/v2\/categories?post=6075"},{"taxonomy":"post_tag","embeddable":true,"href":"https:\/\/saludsinaloa.gob.mx\/index.php\/wp-json\/wp\/v2\/tags?post=6075"}],"curies":[{"name":"wp","href":"https:\/\/api.w.org\/{rel}","templated":true}]}}