{"id":6067,"date":"2019-01-16T06:20:26","date_gmt":"2019-01-16T06:20:26","guid":{"rendered":"http:\/\/saludsinaloa.gob.mx\/?p=6067"},"modified":"2019-01-22T17:25:42","modified_gmt":"2019-01-22T17:25:42","slug":"habra-jornadas-de-salud-puro-sinaloa-en-palacio-de-gobierno-16-de-enero-del-2019","status":"publish","type":"post","link":"https:\/\/saludsinaloa.gob.mx\/index.php\/2019\/01\/16\/habra-jornadas-de-salud-puro-sinaloa-en-palacio-de-gobierno-16-de-enero-del-2019\/","title":{"rendered":"HABR\u00c1 JORNADAS DE SALUD &#8220;PURO SINALOA&#8221; EN PALACIO DE GOBIERNO. 16 de enero del 2019"},"content":{"rendered":"<p><a href=\"http:\/\/saludsinaloa.gob.mx\/wp-content\/uploads\/2017\/boletines\/15-01-2019 SS Y ASOCIACIONES CIVILES UNEN ESFUERZOS CONTRA EL ALCOHOLISMO.pdf\" target=\"_blank\" rel=\"noopener\"><\/a><a href=\"http:\/\/saludsinaloa.gob.mx\/wp-content\/uploads\/2017\/boletines\/16-01-2019 HABRA JORNADAS DE SALUD EN PALACIO DE GOBIERNO.pdf\" target=\"_blank\" rel=\"noopener\">Descargar<\/a><\/p>\n<p>&nbsp;<\/p>\n<p><strong>HABR\u00c1 JORNADAS DE SALUD &#8220;PURO SINALOA&#8221; EN PALACIO DE GOBIERNO<\/strong><\/p>\n<p><em>Este jueves 17 de Enero se dar\u00e1 servicios de Salud y Desarrollo Social en la explanada del Palacio para trabajadores, familiares y vecinos del \u00e1rea.<\/em><\/p>\n<p>Culiac\u00e1n, Sinaloa a 16 de enero de 2019.- Con el objetivo de brindar servicios de salud preventiva y curativa a los trabajadores del Gobierno del Estado de Sinaloa y a sus familias este jueves 17 de enero del presente a\u00f1o con horario de 8AM a 2PM se llevar\u00e1n a cabo las Jornadas de Salud Puro Sinaloa, misma que se desarrollar\u00e1 en la Explanada de Palacio de Gobierno; esto lo dieron a conocer en conferencia de prensa el Secretario Desarrollo Social \u00c1lvaro Ruelas Echave, el Secretario de Salud Dr. Efr\u00e9n Encinas y la Lic. Rosa Elena Mill\u00e1n Directora del Seguro Popular.<\/p>\n<p>Por su parte el Secretario de Desarrollo Social \u00c1lvaro Ruelas agradeci\u00f3 la disposici\u00f3n de apoyar que en estas Jornadas a la Secretaria de Salud, el Seguro Popular y al Sistema DIF Estatal quienes ser\u00e1n los encargados de prestar los servicios y la atenci\u00f3n a quienes acudan a esta primera Jordana indic\u00f3 \u201cque es una instrucci\u00f3n del C. Gobernador Quirino Ordaz Coppel que se brinden los servicios de manera gratuita a la poblaci\u00f3n que asista;\u00a0 pero de manera importante a los propios trabajadores que est\u00e1n al servicios del estado y a sus familiares\u201d.<\/p>\n<p>El Dr. Efr\u00e9n Encinas Torres, Secretario de Salud de Sinaloa, detall\u00f3 que durante las Jornadas de Apoyo Puro Sinaloa, la dependencia a su cargo ha otorgado m\u00e1s de 10 mil atenciones y servicios de salud a la poblaci\u00f3n, principalmente acciones de salud preventiva, curativa y detecci\u00f3n temprana de enfermedades.<\/p>\n<p>\u201cActualmente el gobernador nos ha instruido a que estemos cuidando mucho a nuestros trabajadores, a veces somos candil en la calle y obscuridad en la casa y los que ejercemos y damos el servicio al p\u00fablico de toda la poblaci\u00f3n de todo el estado de Sinaloa poco m\u00e1s de 3 millones de poblaci\u00f3n somos nosotros, de tal manera que pensando en nuestros trabajadores y nuestras familias y obviamente personas aleda\u00f1as al palacio de gobierno establecemos la jornada de salud puro Sinaloa que dar\u00e1n principio el d\u00eda de ma\u00f1ana\u201d, detall\u00f3.<\/p>\n<p>En su intervenci\u00f3n la directora del R\u00e9gimen Estatal de Protecci\u00f3n en Salud, Rosa Elena Mill\u00e1n Bueno destac\u00f3 los m\u00e1s de 6 mil 500 servicios que se han brindado en la Unidad M\u00e9dica del Seguro Popular a la poblaci\u00f3n sinaloense durante las Jornadas de Apoyo Puro Sinaloa.\u00a0 Indic\u00f3 que lo m\u00e1s importante de la revisi\u00f3n que se realizan las personas es que en caso de detectarse alguna anomal\u00eda, se les canaliza a la instituci\u00f3n de salud correspondiente para que pueda llevar un tratamiento oportuno.<\/p>\n<p><strong>\u00a0<\/strong><\/p>\n<p>&nbsp;<\/p>\n<p>Fuente: Departamento de Comunicaci\u00f3n Social a Enero del 2019<br \/>\nElabor\u00f3: Departamento de Comunicaci\u00f3n Social \u2013 SECRETAR\u00cdA DE SALUD DEL ESTADO DE SINALOA.<\/p>\n","protected":false},"excerpt":{"rendered":"<p>Descargar &nbsp; HABR\u00c1 JORNADAS DE SALUD &#8220;PURO SINALOA&#8221; EN PALACIO DE GOBIERNO Este jueves 17 de Enero se dar\u00e1 servicios de Salud y Desarrollo Social en la explanada del Palacio para trabajadores, familiares y vecinos del \u00e1rea. Culiac\u00e1n, Sinaloa a 16 de enero de 2019.- Con el objetivo de brindar servicios de salud preventiva y [&hellip;]<\/p>\n","protected":false},"author":1,"featured_media":6068,"comment_status":"closed","ping_status":"open","sticky":false,"template":"","format":"standard","meta":{"footnotes":""},"categories":[4,3],"tags":[],"class_list":["post-6067","post","type-post","status-publish","format-standard","has-post-thumbnail","hentry","category-boletines-prensa","category-prensa"],"_links":{"self":[{"href":"https:\/\/saludsinaloa.gob.mx\/index.php\/wp-json\/wp\/v2\/posts\/6067","targetHints":{"allow":["GET"]}}],"collection":[{"href":"https:\/\/saludsinaloa.gob.mx\/index.php\/wp-json\/wp\/v2\/posts"}],"about":[{"href":"https:\/\/saludsinaloa.gob.mx\/index.php\/wp-json\/wp\/v2\/types\/post"}],"author":[{"embeddable":true,"href":"https:\/\/saludsinaloa.gob.mx\/index.php\/wp-json\/wp\/v2\/users\/1"}],"replies":[{"embeddable":true,"href":"https:\/\/saludsinaloa.gob.mx\/index.php\/wp-json\/wp\/v2\/comments?post=6067"}],"version-history":[{"count":1,"href":"https:\/\/saludsinaloa.gob.mx\/index.php\/wp-json\/wp\/v2\/posts\/6067\/revisions"}],"predecessor-version":[{"id":6069,"href":"https:\/\/saludsinaloa.gob.mx\/index.php\/wp-json\/wp\/v2\/posts\/6067\/revisions\/6069"}],"wp:featuredmedia":[{"embeddable":true,"href":"https:\/\/saludsinaloa.gob.mx\/index.php\/wp-json\/wp\/v2\/media\/6068"}],"wp:attachment":[{"href":"https:\/\/saludsinaloa.gob.mx\/index.php\/wp-json\/wp\/v2\/media?parent=6067"}],"wp:term":[{"taxonomy":"category","embeddable":true,"href":"https:\/\/saludsinaloa.gob.mx\/index.php\/wp-json\/wp\/v2\/categories?post=6067"},{"taxonomy":"post_tag","embeddable":true,"href":"https:\/\/saludsinaloa.gob.mx\/index.php\/wp-json\/wp\/v2\/tags?post=6067"}],"curies":[{"name":"wp","href":"https:\/\/api.w.org\/{rel}","templated":true}]}}