{"id":6059,"date":"2019-01-15T06:28:08","date_gmt":"2019-01-15T06:28:08","guid":{"rendered":"http:\/\/saludsinaloa.gob.mx\/?p=6059"},"modified":"2019-01-21T18:36:39","modified_gmt":"2019-01-21T18:36:39","slug":"secretaria-de-salud-y-asociaciones-civiles-unen-esfuerzos-en-estrategias-contra-el-alcoholismo-15-de-enero-del-2019","status":"publish","type":"post","link":"https:\/\/saludsinaloa.gob.mx\/index.php\/2019\/01\/15\/secretaria-de-salud-y-asociaciones-civiles-unen-esfuerzos-en-estrategias-contra-el-alcoholismo-15-de-enero-del-2019\/","title":{"rendered":"SECRETAR\u00cdA DE SALUD Y ASOCIACIONES CIVILES UNEN ESFUERZOS EN ESTRATEGIAS CONTRA EL ALCOHOLISMO. 15 de enero del 2019"},"content":{"rendered":"<p><a href=\"http:\/\/saludsinaloa.gob.mx\/wp-content\/uploads\/2017\/boletines\/15-01-2019 SS Y ASOCIACIONES CIVILES UNEN ESFUERZOS CONTRA EL ALCOHOLISMO.pdf\" target=\"_blank\" rel=\"noopener\">Descargar<\/a><\/p>\n<p><strong>SECRETAR\u00cdA DE SALUD Y ASOCIACIONES CIVILES UNEN ESFUERZOS EN ESTRATEGIAS CONTRA EL ALCOHOLISMO<\/strong><\/p>\n<p><em>*Autoridades de Salud y Alcoh\u00f3licos An\u00f3nimos, inauguran Semana Nacional de Informaci\u00f3n \u201cCompartiendo Esfuerzos\u201d, la cual comprende del 14 al 20 de enero<\/em><\/p>\n<p>Culiac\u00e1n, Sinaloa 15 de enero del 2018; De frente a la comunidad educativa de la Universidad Aut\u00f3noma de Occidente de Sinaloa, el Dr. Efr\u00e9n Encinas Torres, Secretario de Salud de Sinaloa, inaugur\u00f3 la Semana Nacional de Informaci\u00f3n \u201cCompartiendo Esfuerzos de Alcoh\u00f3licos An\u00f3nimos\u201d, donde la dependencia a su cargo y la Asociaci\u00f3n Civil trabajar\u00e1n de manera coordinada para llevar informaci\u00f3n a j\u00f3venes principalmente sobre los riesgos del consumo excesivo del alcohol.<\/p>\n<p>El titular de la Salud en el Estado, coment\u00f3 que en atenci\u00f3n a la instrucci\u00f3n girada por el Gobernador del Estado, Quirino Ordaz Coppel se han implementado estrategias para el combate de las adicciones, es as\u00ed que durante esta semana se reforzar\u00e1n las acciones a trav\u00e9s de la Comisi\u00f3n Estatal Para el Tratamiento y Control de las Adicciones CEPTCA y evitar con ello el alcoholismo en la poblaci\u00f3n.<\/p>\n<p>\u201cDesde mi punto de vista no ha habido mejor organizaci\u00f3n en el mundo que atienda desde el punto de vista de c\u00edrculos de apoyo, prevenci\u00f3n en ese sentido como es el grupo de alcoh\u00f3licos an\u00f3nimos altamente el reconocimiento del gobernador, de un servidor y de toda la sociedad\u201d, manifest\u00f3.<\/p>\n<p>Por su parte,\u00a0el Dr. Cristhian Aldo Mu\u00f1oz Madrid, responsable de la Comisi\u00f3n Estatal para la Prevenci\u00f3n, Tratamiento y Control de las Adicciones CEPTCA, advirti\u00f3 que el alcoholismo es un tema que afecta a familias, entorno y sobre todo provoca un da\u00f1o irreparable en la sociedad.<\/p>\n<p>\u201cDesafortunadamente, cada vez tenemos m\u00e1s j\u00f3venes que se interesan m\u00e1s por el alcohol y hemos trabajado para que podamos tener j\u00f3venes m\u00e1s residentes, sociedades que tomen mejor decisiones y que cuanto est\u00e9n frente a una copa de alcohol que probablemente su medida est\u00e1ndar es de tres o cuatro copas por ocasi\u00f3n y no m\u00e1s de dos veces por semana, para que su h\u00edgado lo metabolice y su sistema central no se afecte, la mayor parte de los j\u00f3venes consumen m\u00e1s de 10 a 15 porciones por ocasi\u00f3n y en menos de tres horas\u201d, se\u00f1al\u00f3.<\/p>\n<p>Estableci\u00f3 que durante esta Semana Nacional personal de las UNEMES CAPA acudir\u00e1 a escuelas, centros de salud y hospitales para que los j\u00f3venes se acerquen y reciban informaci\u00f3n sobre el tema del alcoholismo.<\/p>\n<p>En tanto, el Delegado de la Central Mexicana de Servicios Generales de Alcoh\u00f3licos An\u00f3nimos A. C., manifest\u00f3 que el programa de AA el cual abarca los 12 pasos ha servido a millones para sobrellevar el alcoholismo y mejorar su calidad de vida en el \u00e1mbito familiar, laboral y social.<\/p>\n<p>Detall\u00f3 que en esta ocasi\u00f3n la jornada estar\u00e1 enfocada al \u00e1mbito deportivo y as\u00ed advertir a la poblaci\u00f3n sobre el consumo excesivo de alcohol puede llegar afectar el rendimiento f\u00edsico de la persona y su salud en general.<\/p>\n<p>Cabe se\u00f1alar que en esta Semana Nacional &#8220;Compartiendo esfuerzos&#8221;, se instalar\u00e1n 8 mil m\u00f3dulos de informaci\u00f3n a nivel nacional, en nuestra \u00e1rea se instalaran 130 m\u00f3dulos en instituciones p\u00fablicas, gubernamentales y sociales en cooperaci\u00f3n con el sector salud, con ello se estima informar a 13 mil personas.<\/p>\n<p>En el evento inaugural tambi\u00e9n estuvieron presentes el Dr. V\u00edctor Hugo S\u00e1nchez Malof, Subsecretario de Atenci\u00f3n M\u00e9dica; Mtra. Martha Ofelia Meza Escalante, Dir. CEPAVI; Jos\u00e9 Isidro Osuna, Director de la Unidad Regional Culiac\u00e1n de la UAdeO, entre otros invitados especiales.<\/p>\n<p>&nbsp;<\/p>\n<p><strong>\u00a0<\/strong><\/p>\n<p>Fuente: Departamento de Comunicaci\u00f3n Social a Enero del 2019<br \/>\nElabor\u00f3: Departamento de Comunicaci\u00f3n Social \u2013 SECRETAR\u00cdA DE SALUD DEL ESTADO DE SINALOA.<\/p>\n","protected":false},"excerpt":{"rendered":"<p>Descargar SECRETAR\u00cdA DE SALUD Y ASOCIACIONES CIVILES UNEN ESFUERZOS EN ESTRATEGIAS CONTRA EL ALCOHOLISMO *Autoridades de Salud y Alcoh\u00f3licos An\u00f3nimos, inauguran Semana Nacional de Informaci\u00f3n \u201cCompartiendo Esfuerzos\u201d, la cual comprende del 14 al 20 de enero Culiac\u00e1n, Sinaloa 15 de enero del 2018; De frente a la comunidad educativa de la Universidad Aut\u00f3noma de Occidente [&hellip;]<\/p>\n","protected":false},"author":1,"featured_media":6060,"comment_status":"closed","ping_status":"open","sticky":false,"template":"","format":"standard","meta":{"footnotes":""},"categories":[4,3],"tags":[],"class_list":["post-6059","post","type-post","status-publish","format-standard","has-post-thumbnail","hentry","category-boletines-prensa","category-prensa"],"_links":{"self":[{"href":"https:\/\/saludsinaloa.gob.mx\/index.php\/wp-json\/wp\/v2\/posts\/6059","targetHints":{"allow":["GET"]}}],"collection":[{"href":"https:\/\/saludsinaloa.gob.mx\/index.php\/wp-json\/wp\/v2\/posts"}],"about":[{"href":"https:\/\/saludsinaloa.gob.mx\/index.php\/wp-json\/wp\/v2\/types\/post"}],"author":[{"embeddable":true,"href":"https:\/\/saludsinaloa.gob.mx\/index.php\/wp-json\/wp\/v2\/users\/1"}],"replies":[{"embeddable":true,"href":"https:\/\/saludsinaloa.gob.mx\/index.php\/wp-json\/wp\/v2\/comments?post=6059"}],"version-history":[{"count":1,"href":"https:\/\/saludsinaloa.gob.mx\/index.php\/wp-json\/wp\/v2\/posts\/6059\/revisions"}],"predecessor-version":[{"id":6061,"href":"https:\/\/saludsinaloa.gob.mx\/index.php\/wp-json\/wp\/v2\/posts\/6059\/revisions\/6061"}],"wp:featuredmedia":[{"embeddable":true,"href":"https:\/\/saludsinaloa.gob.mx\/index.php\/wp-json\/wp\/v2\/media\/6060"}],"wp:attachment":[{"href":"https:\/\/saludsinaloa.gob.mx\/index.php\/wp-json\/wp\/v2\/media?parent=6059"}],"wp:term":[{"taxonomy":"category","embeddable":true,"href":"https:\/\/saludsinaloa.gob.mx\/index.php\/wp-json\/wp\/v2\/categories?post=6059"},{"taxonomy":"post_tag","embeddable":true,"href":"https:\/\/saludsinaloa.gob.mx\/index.php\/wp-json\/wp\/v2\/tags?post=6059"}],"curies":[{"name":"wp","href":"https:\/\/api.w.org\/{rel}","templated":true}]}}