{"id":6003,"date":"2019-01-09T06:45:22","date_gmt":"2019-01-09T06:45:22","guid":{"rendered":"http:\/\/saludsinaloa.gob.mx\/?p=6003"},"modified":"2019-01-15T18:57:15","modified_gmt":"2019-01-15T18:57:15","slug":"celebra-issste-dia-de-la-enfermera-09-de-enero-del-2019","status":"publish","type":"post","link":"https:\/\/saludsinaloa.gob.mx\/index.php\/2019\/01\/09\/celebra-issste-dia-de-la-enfermera-09-de-enero-del-2019\/","title":{"rendered":"CELEBRA ISSSTE D\u00cdA DE LA ENFERMERA. 09 de enero del 2019"},"content":{"rendered":"<p><a href=\"http:\/\/saludsinaloa.gob.mx\/wp-content\/uploads\/2017\/boletines\/09-01-2019 CELEBRA ISSSTE DIA DE LA ENFERMERA.pdf\" target=\"_blank\" rel=\"noopener\">Descargar<\/a><\/p>\n<p><strong>CELEBRA ISSSTE D\u00cdA DE LA ENFERMERA<\/strong><\/p>\n<p><em>*Secretario de Salud, destaca el trabajo y entrega de las y los enfermeros de todo el estado<\/em><\/p>\n<p>Culiac\u00e1n, Sinaloa, 09 de enero del 2018; Como un gremio que trabaja con el coraz\u00f3n atendiendo con calidad y calidez a los enfermos y sus familias, as\u00ed calific\u00f3 el Dr. Efr\u00e9n Encinas Torres a las y los enfermeros de todo el estado, en el festejo que realiz\u00f3 el Hospital Regional, Dr. Manuel C\u00e1rdenas de la Vega del ISSSTE, en el marco del D\u00eda de la Enfermera celebrado el 06 de enero de cada a\u00f1o.<\/p>\n<p>El Titular de la Salud en Sinaloa, se\u00f1al\u00f3 que las enfermeras son un gremio de alt\u00edsimo impacto, pues constituyen casi el 50% del personal de salud a nivel nacional, asimismo indic\u00f3 que se trata de personal altamente calificado que apoya de una manera importante a la atenci\u00f3n m\u00e9dica para que los pacientes logren alcanzar su salud.<\/p>\n<p>\u201cSinaloa guarda unos indicadores a nivel nacional por debajo de la media, en muchos por no decirles todos, y eso habla muy bien del trabajo conjunto colegiado que cada uno de ustedes realiza en conjunto con las autoridades directivas de cada unidad m\u00e9dica\u201d, inform\u00f3.<\/p>\n<p>En tanto, el Dr. Jos\u00e9 Batis Beltr\u00e1n, Subdirector de Atenci\u00f3n M\u00e9dica del ISSSTE, indic\u00f3 que en el pa\u00eds existen trabajando cerca de 300 mil enfermeras, y destac\u00f3 que en la encuesta de ciencia y tecnolog\u00eda del 2013, la ocupaci\u00f3n de enfermer\u00eda fue la segunda m\u00e1s respetada por los encuestados y solo estuvieron por debajo de los bomberos.<\/p>\n<p>\u201cLa enfermer\u00eda representa la mano que prolonga el arte y el esp\u00edritu que humaniza la ciencia, en fines pr\u00e1cticos ustedes representa el lado humano de la atenci\u00f3n m\u00e9dica\u201d, manifest\u00f3.<\/p>\n<p>Por su parte, Germ\u00e1n contreras, delegado del ISSSTE, mencion\u00f3 que la atenci\u00f3n que bridan enfermeras en los Hospitales del ISSSTE es de primer nivel, y que todo el derechohabiente de esta instituci\u00f3n de salud son atendidos de manera privilegiada.<\/p>\n<p>Cabe se\u00f1alar que durante la celebraci\u00f3n, autoridades de salud dieron entrega de reconocimientos al personal de enfermer\u00eda jubilado y se le dio reconocimiento especial a la Enfermera Esperanza Valenzuela por su jubilaci\u00f3n despu\u00e9s de 40 a\u00f1os de labor.<\/p>\n<p>&nbsp;<\/p>\n<p>&nbsp;<\/p>\n<p>Fuente: Departamento de Comunicaci\u00f3n Social a Enero del 2019<br \/>\nElabor\u00f3: Departamento de Comunicaci\u00f3n Social \u2013 SECRETAR\u00cdA DE SALUD DEL ESTADO DE SINALOA.<\/p>\n","protected":false},"excerpt":{"rendered":"<p>Descargar CELEBRA ISSSTE D\u00cdA DE LA ENFERMERA *Secretario de Salud, destaca el trabajo y entrega de las y los enfermeros de todo el estado Culiac\u00e1n, Sinaloa, 09 de enero del 2018; Como un gremio que trabaja con el coraz\u00f3n atendiendo con calidad y calidez a los enfermos y sus familias, as\u00ed calific\u00f3 el Dr. Efr\u00e9n [&hellip;]<\/p>\n","protected":false},"author":1,"featured_media":6004,"comment_status":"closed","ping_status":"open","sticky":false,"template":"","format":"standard","meta":{"footnotes":""},"categories":[4,3],"tags":[],"class_list":["post-6003","post","type-post","status-publish","format-standard","has-post-thumbnail","hentry","category-boletines-prensa","category-prensa"],"_links":{"self":[{"href":"https:\/\/saludsinaloa.gob.mx\/index.php\/wp-json\/wp\/v2\/posts\/6003","targetHints":{"allow":["GET"]}}],"collection":[{"href":"https:\/\/saludsinaloa.gob.mx\/index.php\/wp-json\/wp\/v2\/posts"}],"about":[{"href":"https:\/\/saludsinaloa.gob.mx\/index.php\/wp-json\/wp\/v2\/types\/post"}],"author":[{"embeddable":true,"href":"https:\/\/saludsinaloa.gob.mx\/index.php\/wp-json\/wp\/v2\/users\/1"}],"replies":[{"embeddable":true,"href":"https:\/\/saludsinaloa.gob.mx\/index.php\/wp-json\/wp\/v2\/comments?post=6003"}],"version-history":[{"count":1,"href":"https:\/\/saludsinaloa.gob.mx\/index.php\/wp-json\/wp\/v2\/posts\/6003\/revisions"}],"predecessor-version":[{"id":6005,"href":"https:\/\/saludsinaloa.gob.mx\/index.php\/wp-json\/wp\/v2\/posts\/6003\/revisions\/6005"}],"wp:featuredmedia":[{"embeddable":true,"href":"https:\/\/saludsinaloa.gob.mx\/index.php\/wp-json\/wp\/v2\/media\/6004"}],"wp:attachment":[{"href":"https:\/\/saludsinaloa.gob.mx\/index.php\/wp-json\/wp\/v2\/media?parent=6003"}],"wp:term":[{"taxonomy":"category","embeddable":true,"href":"https:\/\/saludsinaloa.gob.mx\/index.php\/wp-json\/wp\/v2\/categories?post=6003"},{"taxonomy":"post_tag","embeddable":true,"href":"https:\/\/saludsinaloa.gob.mx\/index.php\/wp-json\/wp\/v2\/tags?post=6003"}],"curies":[{"name":"wp","href":"https:\/\/api.w.org\/{rel}","templated":true}]}}