{"id":5162,"date":"2018-11-14T06:06:40","date_gmt":"2018-11-14T06:06:40","guid":{"rendered":"http:\/\/saludsinaloa.gob.mx\/?p=5162"},"modified":"2018-11-15T18:41:46","modified_gmt":"2018-11-15T18:41:46","slug":"codigo-infarto-reduce-indice-de-mortalidad-en-pacientes-con-problemas-cardiacos-14-de-noviembre-del-2018","status":"publish","type":"post","link":"https:\/\/saludsinaloa.gob.mx\/index.php\/2018\/11\/14\/codigo-infarto-reduce-indice-de-mortalidad-en-pacientes-con-problemas-cardiacos-14-de-noviembre-del-2018\/","title":{"rendered":"C\u00d3DIGO INFARTO REDUCE \u00cdNDICE DE MORTALIDAD EN PACIENTES CON PROBLEMAS CARD\u00cdACOS. 14 de noviembre del 2018"},"content":{"rendered":"<p><a href=\"http:\/\/saludsinaloa.gob.mx\/wp-content\/uploads\/2017\/boletines\/14-11-2018  CODIGO INFARTO REDUCE INDICE DE MORTALIDAD.pdf\" target=\"_blank\" rel=\"noopener\">Descargar<\/a><\/p>\n<p><strong>C\u00d3DIGO INFARTO REDUCE \u00cdNDICE DE MORTALIDAD EN PACIENTES CON PROBLEMAS\u00a0CARD\u00cdACOS<\/strong><\/p>\n<p><em>*Se estima que al 2023 el programa logre dar atenci\u00f3n a 5 millones de personas y generen ahorros de hasta 800 millones de d\u00f3lares en 4 pa\u00edses<\/em><\/p>\n<p>Culiac\u00e1n, Sinaloa, 14 de noviembre del 2018: A 4 a\u00f1os de haberse fundado el Programa C\u00f3digo Infarto en 4 pa\u00edses; M\u00e9xico, Brasil, Colombia y Argentina y beneficiar al momento a m\u00e1s de 700 millones de personas con diagn\u00f3sticos oportunos y con ello la reducci\u00f3n de un 50% de infartos, la Secretar\u00eda de Salud de Sinaloa recibi\u00f3 al creador de \u00e9ste programa,\u00a0\u00a0Dr. Sameer Mehta, Cardi\u00f3logo pionero latinoamericano de \u201cC\u00f3digo Infarto\u201d.<\/p>\n<p>El Secretario de Salud de Sinaloa, Dr. Efr\u00e9n Encinas Torres, celebr\u00f3 que el Estado cuente con este programa desde el 2015 en lo largo y ancho de la entidad, pues enfatiz\u00f3 que problemas de salud p\u00fablica como la obesidad, diabetes e hipertensi\u00f3n en los mexicanos, han llevado por consecuencia que en Sinaloa y en M\u00e9xico la \u00a0principal causa de muerte sean los infartos.<\/p>\n<p>Coment\u00f3 que de ah\u00ed la importancia de trabajar en la promoci\u00f3n de la salud y continuar generando esfuerzos para mejorar la infraestructura que actualmente se tiene con salas de hemodinamia y telemedicina que dan la oportunidad de un diagn\u00f3stico oportuno a personas que tienen s\u00edntomas de infarto.<\/p>\n<p>\u201cCreo que como sistema de salud M\u00e9xico puede mejorar mucho, Sinaloa puede mejorar mucho y entre todos con sinergias podemos hacer que la morbimortalidad que nos aqueja pueda ser menor, y en esto contribuimos todo, en Dr. Meta, Octavio, Ova\u00f1os, Zamudio, Od\u00edn de los R\u00edos, todos los compa\u00f1eros m\u00e9dicos o yo, podemos lograr con el esfuerzo de todos, hay esfuerzos de presupuesto y claro que vamos a seguir empujando para alcanzar lo que te\u00f3ricamente no podamos tener\u201d, manifest\u00f3.<\/p>\n<p>Agreg\u00f3 que el d\u00eda de hoy y ma\u00f1ana asistir\u00e1 al Consejo Nacional de Salud, donde por gestiones del gobernador Quirino Ordaz Coppel, a trav\u00e9s de la Secretar\u00eda de Salud Federal, a Sinaloa se le otorgara 3 ambulancias, lo que vendr\u00e1 a reforzar las atenciones de emergencia de la Secretar\u00eda de Salud.<\/p>\n<p>En tanto, el Dr. Sameer Mehta, Cardi\u00f3logo pionero latinoamericano de \u201cC\u00f3digo Infarto\u201d, inform\u00f3 que a\u00f1os atr\u00e1s las enfermedades cardiovasculares se presentaban en pacientes de 60 a\u00f1os en adelante, sin embargo actualmente las estad\u00edsticas reflejan que ahora los pacientes que padecen enfermedades del coraz\u00f3n son m\u00e1s j\u00f3venes de 35 a\u00f1os en adelante, esto debido a factores como la obesidad, diabetes, malos h\u00e1bitos como fumar y el estr\u00e9s.<\/p>\n<p>Especific\u00f3 que de ah\u00ed naci\u00f3 la preocupaci\u00f3n por crear un programa que ayude a que la poblaci\u00f3n a identificar y reconocer los s\u00edntomas de un infarto para que en lo inmediato acuda a la primer unidad de atenci\u00f3n la cual pueda contar con la atenci\u00f3n de especialistas que den un diagn\u00f3stico oportuno a trav\u00e9s de telemedicina en casos de comunidades lejanas.<\/p>\n<p>Por su parte el Dr. Manuel Od\u00edn de los R\u00edos, Jefe del Servicio de Cardiolog\u00eda expres\u00f3 la importancia de reforzar y actualizar programas como el \u201cC\u00f3digo Infarto\u201d el cual se implement\u00f3 desde el 16 de octubre del 2015 en Sinaloa, y conecta unidades de atenci\u00f3n primaria a una red de centros de tratamientos a trav\u00e9s de dispositivos de telecomunicaciones y ambulancias como medio de transporte, que adem\u00e1s contempla un programa educativo que utiliza redes de referencia y telemedicina para diagnosticar y referir pacientes con infarto de miocardio con elevaci\u00f3n del segmento ST (STEMI).<\/p>\n<p>\u201cEsto que hemos comentado ha habido reconocimiento nacional ponen este esfuerzo de Sinaloa como un ejemplo de la cosas que se han conseguido y creo que esa estructura al menos no existe en ning\u00fan otro lugar del pa\u00eds y que con un poquito m\u00e1s contando con el apoyo de todos los que estamos aqu\u00ed vamos a construir algo que tendr\u00e1 m\u00e1s impacto\u201d, se\u00f1al\u00f3.<\/p>\n<p>Concluy\u00f3 en que \u00e9ste programa b\u00e1sicamente consiste en establecer una red de emergencias donde el Hospital General de Culiac\u00e1n es el \u00e1rea central donde llegan todos los pacientes con infartos debido a que se cuenta con la sala hemodinamia y el personal capacitado para hacerlo, sin embargo a los dem\u00e1s hospitales tambi\u00e9n se les ha dotado de tecnolog\u00eda que les permite hacer un diagn\u00f3stico r\u00e1pido y oportuno.<\/p>\n<p>&nbsp;<\/p>\n<p>&nbsp;<\/p>\n<p>&nbsp;<\/p>\n<p>Fuente: Departamento de Comunicaci\u00f3n Social a Noviembre del 2018<br \/>\nElabor\u00f3: Departamento de Comunicaci\u00f3n Social \u2013 SECRETAR\u00cdA DE SALUD DEL ESTADO DE SINALOA.<\/p>\n","protected":false},"excerpt":{"rendered":"<p>Descargar C\u00d3DIGO INFARTO REDUCE \u00cdNDICE DE MORTALIDAD EN PACIENTES CON PROBLEMAS\u00a0CARD\u00cdACOS *Se estima que al 2023 el programa logre dar atenci\u00f3n a 5 millones de personas y generen ahorros de hasta 800 millones de d\u00f3lares en 4 pa\u00edses Culiac\u00e1n, Sinaloa, 14 de noviembre del 2018: A 4 a\u00f1os de haberse fundado el Programa C\u00f3digo Infarto [&hellip;]<\/p>\n","protected":false},"author":1,"featured_media":5163,"comment_status":"closed","ping_status":"open","sticky":false,"template":"","format":"standard","meta":{"footnotes":""},"categories":[4,3],"tags":[],"class_list":["post-5162","post","type-post","status-publish","format-standard","has-post-thumbnail","hentry","category-boletines-prensa","category-prensa"],"_links":{"self":[{"href":"https:\/\/saludsinaloa.gob.mx\/index.php\/wp-json\/wp\/v2\/posts\/5162","targetHints":{"allow":["GET"]}}],"collection":[{"href":"https:\/\/saludsinaloa.gob.mx\/index.php\/wp-json\/wp\/v2\/posts"}],"about":[{"href":"https:\/\/saludsinaloa.gob.mx\/index.php\/wp-json\/wp\/v2\/types\/post"}],"author":[{"embeddable":true,"href":"https:\/\/saludsinaloa.gob.mx\/index.php\/wp-json\/wp\/v2\/users\/1"}],"replies":[{"embeddable":true,"href":"https:\/\/saludsinaloa.gob.mx\/index.php\/wp-json\/wp\/v2\/comments?post=5162"}],"version-history":[{"count":3,"href":"https:\/\/saludsinaloa.gob.mx\/index.php\/wp-json\/wp\/v2\/posts\/5162\/revisions"}],"predecessor-version":[{"id":5169,"href":"https:\/\/saludsinaloa.gob.mx\/index.php\/wp-json\/wp\/v2\/posts\/5162\/revisions\/5169"}],"wp:featuredmedia":[{"embeddable":true,"href":"https:\/\/saludsinaloa.gob.mx\/index.php\/wp-json\/wp\/v2\/media\/5163"}],"wp:attachment":[{"href":"https:\/\/saludsinaloa.gob.mx\/index.php\/wp-json\/wp\/v2\/media?parent=5162"}],"wp:term":[{"taxonomy":"category","embeddable":true,"href":"https:\/\/saludsinaloa.gob.mx\/index.php\/wp-json\/wp\/v2\/categories?post=5162"},{"taxonomy":"post_tag","embeddable":true,"href":"https:\/\/saludsinaloa.gob.mx\/index.php\/wp-json\/wp\/v2\/tags?post=5162"}],"curies":[{"name":"wp","href":"https:\/\/api.w.org\/{rel}","templated":true}]}}