{"id":4757,"date":"2018-10-01T06:15:33","date_gmt":"2018-10-01T06:15:33","guid":{"rendered":"http:\/\/saludsinaloa.gob.mx\/?p=4757"},"modified":"2018-10-01T19:20:08","modified_gmt":"2018-10-01T19:20:08","slug":"secretaria-de-salud-inicia-campana-para-la-lucha-contra-el-cancer-de-mama-01-de-octubre-del-2018","status":"publish","type":"post","link":"https:\/\/saludsinaloa.gob.mx\/index.php\/2018\/10\/01\/secretaria-de-salud-inicia-campana-para-la-lucha-contra-el-cancer-de-mama-01-de-octubre-del-2018\/","title":{"rendered":"SECRETAR\u00cdA DE SALUD INICIA CAMPA\u00d1A PARA LA LUCHA CONTRA EL C\u00c1NCER DE MAMA. 01 de octubre del 2018"},"content":{"rendered":"<p><a href=\"http:\/\/saludsinaloa.gob.mx\/wp-content\/uploads\/2017\/boletines\/01-10-2018 LUCHA CONTRA EL CANCER DE MAMA.pdf\" target=\"_blank\" rel=\"noopener\">Descargar<\/a><\/p>\n<p><strong>SECRETAR\u00cdA DE SALUD INICIA CAMPA\u00d1A PARA LA LUCHA CONTRA EL C\u00c1NCER DE MAMA<\/strong><\/p>\n<p>*Dr. Efr\u00e9n Encinas Torres, llama a mujeres sinaloenses a que acudan a las unidades m\u00e9dicas para revisiones y detecciones oportunas<\/p>\n<p>Culiac\u00e1n, Sinaloa, 01 de octubre del 2018; Bajo el lema \u201cDate una Mano\u201d, la Secretar\u00eda de Salud de Sinaloa inici\u00f3 la campa\u00f1a para la lucha contra el c\u00e1ncer de mama, donde se refuerzan las acciones de promoci\u00f3n y prevenci\u00f3n en la salud de la mujer para concientizar a la poblaci\u00f3n en general y en especial a las f\u00e9minas sobre la importancia de acudir a tiempo a las unidades m\u00e9dicas para revisiones anuales y con ello detectar de manera oportuna el c\u00e1ncer de mama.<\/p>\n<p>Es as\u00ed que el Secretario de Salud de Sinaloa, Dr. Efr\u00e9n Encinas Torres inaugur\u00f3 hoy 1 de octubre las Jornadas Acad\u00e9micas donde se capacitar\u00e1n a m\u00e9dicos y enfermeras en el Hospital de la Mujer.<\/p>\n<p>Durante su discurso, inform\u00f3 que la campa\u00f1a para la lucha contra el c\u00e1ncer de mama participa todo el Sistema de Salud P\u00fablica y se intensifican las acciones de promoci\u00f3n y prevenci\u00f3n de este padecimiento, pues Sinaloa ocupa el sexto lugar a nivel nacional en c\u00e1ncer de mama.<\/p>\n<p>En tanto, el Dr. Rafael F\u00e9lix Espinoza, Director de Prevenci\u00f3n y Promoci\u00f3n de la Salud, detall\u00f3 que en el 2017 se detectaron 333 casos y 100 muertes y en lo que va de este a\u00f1o se han detectado 200 casos.<\/p>\n<p>\u201cEl c\u00e1ncer de la mujer siempre estar\u00e1 presente como el c\u00e1ncer del var\u00f3n, es producto de la misma civilizaci\u00f3n, todos tenemos genes que nos comprometen a tener ciertas patolog\u00edas y el c\u00e1ncer es una de ellas, sin embargo nuestros estilos de vida que hemos llevado en los \u00faltimos a\u00f1os, hace que esas situaciones tengan mayor predisposici\u00f3n para tener c\u00e1ncer, la edad promedio son 54 a\u00f1os en la mujer, en el var\u00f3n tambi\u00e9n tiene c\u00e1ncer de mama alrededor del 1%\u201d, inform\u00f3.<\/p>\n<p>Por su parte, la Dra. Mireya Rodr\u00edguez de Encinas, Presidenta del Voluntariado por la Salud de Sinaloa, se comprometi\u00f3 a otorgar todo el apoyo en el acompa\u00f1amiento para las mujeres que sufren de esta enfermedad, as\u00ed como el tratamiento que se les otorga de manera gratuita con terapias acu\u00e1ticas en el \u201cCarril Rosa\u201d, entre otras acciones para el bienestar de las mujeres sinaloenses.<\/p>\n<p>\u201cLo principal en este proyecto del voluntariado de la Secretar\u00eda de Salud, es precisamente poder llegar en todo momento, no nada m\u00e1s a las mujeres, sino tambi\u00e9n a los hombres, tenemos muchas l\u00edneas de acci\u00f3n dentro del voluntariado que son en pro tambi\u00e9n de la prevenci\u00f3n y yo pienso que vamos a tener much\u00edsima gente, funcionarios y pacientes y derechohabientes que se est\u00e1n sumando\u201d, coment\u00f3.<\/p>\n<p>En el evento, tambi\u00e9n estuvieron presentes el Dr. V\u00edctor Hugo S\u00e1nchez Malof, Subsecretario de Salud; Dr. H\u00e9ctor Alc\u00e1ntara G\u00f3mez, Director de Atenci\u00f3n M\u00e9dica y el Dr. Oscar Garz\u00f3n L\u00f3pez, Director del Hospital de la Mujer, entre otros invitados especiales.<\/p>\n<p>&nbsp;<\/p>\n<p>Fuente: Departamento de Comunicaci\u00f3n Social a Octubre del 2018<br \/>\nElabor\u00f3: Departamento de Comunicaci\u00f3n Social \u2013 SECRETAR\u00cdA DE SALUD DEL ESTADO DE SINALOA.<\/p>\n","protected":false},"excerpt":{"rendered":"<p>Descargar SECRETAR\u00cdA DE SALUD INICIA CAMPA\u00d1A PARA LA LUCHA CONTRA EL C\u00c1NCER DE MAMA *Dr. Efr\u00e9n Encinas Torres, llama a mujeres sinaloenses a que acudan a las unidades m\u00e9dicas para revisiones y detecciones oportunas Culiac\u00e1n, Sinaloa, 01 de octubre del 2018; Bajo el lema \u201cDate una Mano\u201d, la Secretar\u00eda de Salud de Sinaloa inici\u00f3 la [&hellip;]<\/p>\n","protected":false},"author":1,"featured_media":4758,"comment_status":"closed","ping_status":"open","sticky":false,"template":"","format":"standard","meta":{"footnotes":""},"categories":[4,3],"tags":[],"class_list":["post-4757","post","type-post","status-publish","format-standard","has-post-thumbnail","hentry","category-boletines-prensa","category-prensa"],"_links":{"self":[{"href":"https:\/\/saludsinaloa.gob.mx\/index.php\/wp-json\/wp\/v2\/posts\/4757","targetHints":{"allow":["GET"]}}],"collection":[{"href":"https:\/\/saludsinaloa.gob.mx\/index.php\/wp-json\/wp\/v2\/posts"}],"about":[{"href":"https:\/\/saludsinaloa.gob.mx\/index.php\/wp-json\/wp\/v2\/types\/post"}],"author":[{"embeddable":true,"href":"https:\/\/saludsinaloa.gob.mx\/index.php\/wp-json\/wp\/v2\/users\/1"}],"replies":[{"embeddable":true,"href":"https:\/\/saludsinaloa.gob.mx\/index.php\/wp-json\/wp\/v2\/comments?post=4757"}],"version-history":[{"count":1,"href":"https:\/\/saludsinaloa.gob.mx\/index.php\/wp-json\/wp\/v2\/posts\/4757\/revisions"}],"predecessor-version":[{"id":4759,"href":"https:\/\/saludsinaloa.gob.mx\/index.php\/wp-json\/wp\/v2\/posts\/4757\/revisions\/4759"}],"wp:featuredmedia":[{"embeddable":true,"href":"https:\/\/saludsinaloa.gob.mx\/index.php\/wp-json\/wp\/v2\/media\/4758"}],"wp:attachment":[{"href":"https:\/\/saludsinaloa.gob.mx\/index.php\/wp-json\/wp\/v2\/media?parent=4757"}],"wp:term":[{"taxonomy":"category","embeddable":true,"href":"https:\/\/saludsinaloa.gob.mx\/index.php\/wp-json\/wp\/v2\/categories?post=4757"},{"taxonomy":"post_tag","embeddable":true,"href":"https:\/\/saludsinaloa.gob.mx\/index.php\/wp-json\/wp\/v2\/tags?post=4757"}],"curies":[{"name":"wp","href":"https:\/\/api.w.org\/{rel}","templated":true}]}}