{"id":4322,"date":"2018-08-16T06:52:42","date_gmt":"2018-08-16T06:52:42","guid":{"rendered":"http:\/\/saludsinaloa.gob.mx\/?p=4322"},"modified":"2018-08-17T19:50:20","modified_gmt":"2018-08-17T19:50:20","slug":"gestionan-beneficencia-y-dif-sinaloa-apoyos-para-mas-necesitados-16-de-agosto-del-2018","status":"publish","type":"post","link":"https:\/\/saludsinaloa.gob.mx\/index.php\/2018\/08\/16\/gestionan-beneficencia-y-dif-sinaloa-apoyos-para-mas-necesitados-16-de-agosto-del-2018\/","title":{"rendered":"GESTIONAN BENEFICENCIA Y DIF SINALOA APOYOS PARA MAS NECESITADOS. 16 de agosto del 2018"},"content":{"rendered":"<p><a href=\"http:\/\/saludsinaloa.gob.mx\/wp-content\/uploads\/2017\/boletines\/16-08-2018 BENEFICENCIA SINALOA.pdf\" target=\"_blank\" rel=\"noopener\">Descargar<\/a><\/p>\n<p>&nbsp;<\/p>\n<p class=\"x_MsoNormal\" align=\"center\"><b><span lang=\"ES-TRAD\">GESTIONA ROSY FUENTES MAYORES APOYOS ANTE LA BENEFICENCIA P\u00daBLICA FEDERAL<\/span><\/b><\/p>\n<p class=\"x_gmail-MsoListParagraph\"><span lang=\"ES-TRAD\">\u00a0\u00a0\u00a0\u00a0 <\/span><span lang=\"ES-TRAD\">La presidenta del Sistema DIF Sinaloa, Sra. Rosy Fuentes de Ordaz y la Directora de la Beneficencia P\u00fablica en Sinaloa, Mar\u00eda Fernanda Rodr\u00edguez Castro se reunieron con el director nacional del \u00e1rea para gestionar apoyos.<\/span><\/p>\n<p class=\"x_MsoNormal\"><b><span lang=\"ES-TRAD\">\u00a0<\/span><\/b><b><span lang=\"ES-TRAD\">Ciudad de M\u00e9xico, Jueves 16 del 2018.<\/span><\/b><span lang=\"ES-TRAD\">\u00a0&#8211; Convencidos de que los sinaloenses en situaci\u00f3n de vulnerabilidad merecen tener mejores oportunidades en salud la presidenta del Sistema DIF Sinaloa, Rosy Fuentes de Ordaz gestion\u00f3 ante la Beneficencia Nacional mayores apoyos y capacitaci\u00f3n.<\/span><\/p>\n<p class=\"x_MsoNormal\"><span lang=\"ES-TRAD\">Durante una reuni\u00f3n con Jorge A. Calzada Zubir\u00eda, Director Nacional de la Beneficencia P\u00fablica en donde tambi\u00e9n estuvieron presentes la directora de la Beneficencia P\u00fablica en Sinaloa, Mar\u00eda Fernanda Rodr\u00edguez y la directora del DIF Sinaloa, Connie Zazueta Castro, se acord\u00f3 que se apoyar\u00e1 con: \u00a0sillas de rueda, andaderas infantiles y para adultos, pr\u00f3tesis de seno y dentales, entre otros aparatos funcionales para entregar a quienes lo requieran.<\/span><\/p>\n<p class=\"x_MsoNormal\"><span lang=\"ES-TRAD\">A estos apoyos podr\u00e1n acceder los sinaloenses por medio de la Beneficencia P\u00fablica Estatal, permitiendo con ello llegar al mayor n\u00famero de beneficiados.<\/span><\/p>\n<p class=\"x_MsoNormal\"><span lang=\"ES-TRAD\">Otro de los logros de esta fruct\u00edfera reuni\u00f3n fue acordar capacitaci\u00f3n profesionalizadas en \u00e1reas de la salud.<\/span><\/p>\n<p>&nbsp;<\/p>\n<p>Fuente: Departamento de Comunicaci\u00f3n Social a Agosto del 2018<br \/>\nElabor\u00f3: Departamento de Comunicaci\u00f3n Social \u2013 SECRETAR\u00cdA DE SALUD DEL ESTADO DE SINALOA.<\/p>\n","protected":false},"excerpt":{"rendered":"<p>Descargar &nbsp; GESTIONA ROSY FUENTES MAYORES APOYOS ANTE LA BENEFICENCIA P\u00daBLICA FEDERAL \u00a0\u00a0\u00a0\u00a0 La presidenta del Sistema DIF Sinaloa, Sra. Rosy Fuentes de Ordaz y la Directora de la Beneficencia P\u00fablica en Sinaloa, Mar\u00eda Fernanda Rodr\u00edguez Castro se reunieron con el director nacional del \u00e1rea para gestionar apoyos. \u00a0Ciudad de M\u00e9xico, Jueves 16 del 2018.\u00a0&#8211; [&hellip;]<\/p>\n","protected":false},"author":1,"featured_media":4323,"comment_status":"closed","ping_status":"open","sticky":false,"template":"","format":"standard","meta":{"footnotes":""},"categories":[4,3],"tags":[],"class_list":["post-4322","post","type-post","status-publish","format-standard","has-post-thumbnail","hentry","category-boletines-prensa","category-prensa"],"_links":{"self":[{"href":"https:\/\/saludsinaloa.gob.mx\/index.php\/wp-json\/wp\/v2\/posts\/4322","targetHints":{"allow":["GET"]}}],"collection":[{"href":"https:\/\/saludsinaloa.gob.mx\/index.php\/wp-json\/wp\/v2\/posts"}],"about":[{"href":"https:\/\/saludsinaloa.gob.mx\/index.php\/wp-json\/wp\/v2\/types\/post"}],"author":[{"embeddable":true,"href":"https:\/\/saludsinaloa.gob.mx\/index.php\/wp-json\/wp\/v2\/users\/1"}],"replies":[{"embeddable":true,"href":"https:\/\/saludsinaloa.gob.mx\/index.php\/wp-json\/wp\/v2\/comments?post=4322"}],"version-history":[{"count":3,"href":"https:\/\/saludsinaloa.gob.mx\/index.php\/wp-json\/wp\/v2\/posts\/4322\/revisions"}],"predecessor-version":[{"id":4330,"href":"https:\/\/saludsinaloa.gob.mx\/index.php\/wp-json\/wp\/v2\/posts\/4322\/revisions\/4330"}],"wp:featuredmedia":[{"embeddable":true,"href":"https:\/\/saludsinaloa.gob.mx\/index.php\/wp-json\/wp\/v2\/media\/4323"}],"wp:attachment":[{"href":"https:\/\/saludsinaloa.gob.mx\/index.php\/wp-json\/wp\/v2\/media?parent=4322"}],"wp:term":[{"taxonomy":"category","embeddable":true,"href":"https:\/\/saludsinaloa.gob.mx\/index.php\/wp-json\/wp\/v2\/categories?post=4322"},{"taxonomy":"post_tag","embeddable":true,"href":"https:\/\/saludsinaloa.gob.mx\/index.php\/wp-json\/wp\/v2\/tags?post=4322"}],"curies":[{"name":"wp","href":"https:\/\/api.w.org\/{rel}","templated":true}]}}