{"id":4317,"date":"2018-08-16T06:13:43","date_gmt":"2018-08-16T06:13:43","guid":{"rendered":"http:\/\/saludsinaloa.gob.mx\/?p=4317"},"modified":"2018-08-17T18:18:28","modified_gmt":"2018-08-17T18:18:28","slug":"feac-se-pagara-en-su-totalidad-este-jueves-16-de-agosto-del-2018","status":"publish","type":"post","link":"https:\/\/saludsinaloa.gob.mx\/index.php\/2018\/08\/16\/feac-se-pagara-en-su-totalidad-este-jueves-16-de-agosto-del-2018\/","title":{"rendered":"FEAC SE PAGAR\u00c1 EN SU TOTALIDAD ESTE JUEVES. 16 de agosto del 2018"},"content":{"rendered":"<p><a href=\"http:\/\/saludsinaloa.gob.mx\/wp-content\/uploads\/2017\/boletines\/16-08-2018 FEAC SE PAGARA EN SU TOTALIDAD.pdf\" target=\"_blank\" rel=\"noopener\">Descargar<\/a><\/p>\n<p><strong>FEAC SE PAGAR\u00c1 EN SU TOTALIDAD ESTE JUEVES<\/strong><\/p>\n<p><strong><em>*Con la continua gesti\u00f3n del Secretario de Salud del Estado, Dr. Efr\u00e9n Encinas Torres y el Subsecretario de Gobierno, Marco Osuna, la l\u00edder sindical Arcelia Prado pidi\u00f3 a los empleados del Sector Salud confiar, ya que se trabaja en equipo buscando el beneficio de trabajadores y sociedad en general.<\/em><\/strong><\/p>\n<p><strong><em>\u00a0<\/em><\/strong>Culiac\u00e1n, Sinaloa.16 de Agosto del 2018 \u2013 Como fue la instrucci\u00f3n del C. Gobernador Quirino Ordaz Coppel, y con la gesti\u00f3n del <em>Secretario de Salud del Estado, Dr. Efr\u00e9n Encinas Torres y el Subsecretario de Gobierno, Marco Osuna, se dio a conocer que este jueves 16 de febrero quedara en su totalidad el pago del FEAC a los trabajadores.<\/em><\/p>\n<p>Durante una reuni\u00f3n con la L\u00edder Sindical, Arcelia Prado, adem\u00e1s de informar sobre cuando quedaran los pagos, pidi\u00f3 a los trabajadores confiar, pues sindicato y gobierno trabajan de la mano en beneficio de todos.<\/p>\n<p>\u201cEl pago del Fondo Estatal de Ahorro Capitalizable (FEAC) para todos los compa\u00f1eros sindicalizados, homologados, regularizados y formalizados se les estar\u00e1 depositando el d\u00eda de hoy la diferencia del pago de su ahorro\u201d.<\/p>\n<p>Reiter\u00f3 el agradecimiento a todos los involucrados para que esto fuera posible y pidi\u00f3 que sigan trabajando de la mano, confiada en que cada uno har\u00e1 la parte que le corresponde.<\/p>\n<p>Pidi\u00f3 a los trabajadores laborar de forma regular, siempre procurando la buena atenci\u00f3n de la salud de los sinaloenses.<\/p>\n<p>&nbsp;<\/p>\n<p>&nbsp;<\/p>\n<p>Fuente: Departamento de Comunicaci\u00f3n Social a Agosto del 2018<br \/>\nElabor\u00f3: Departamento de Comunicaci\u00f3n Social \u2013 SECRETAR\u00cdA DE SALUD DEL ESTADO DE SINALOA.<\/p>\n","protected":false},"excerpt":{"rendered":"<p>Descargar FEAC SE PAGAR\u00c1 EN SU TOTALIDAD ESTE JUEVES *Con la continua gesti\u00f3n del Secretario de Salud del Estado, Dr. Efr\u00e9n Encinas Torres y el Subsecretario de Gobierno, Marco Osuna, la l\u00edder sindical Arcelia Prado pidi\u00f3 a los empleados del Sector Salud confiar, ya que se trabaja en equipo buscando el beneficio de trabajadores y [&hellip;]<\/p>\n","protected":false},"author":1,"featured_media":4318,"comment_status":"closed","ping_status":"open","sticky":false,"template":"","format":"standard","meta":{"footnotes":""},"categories":[4,3],"tags":[],"class_list":["post-4317","post","type-post","status-publish","format-standard","has-post-thumbnail","hentry","category-boletines-prensa","category-prensa"],"_links":{"self":[{"href":"https:\/\/saludsinaloa.gob.mx\/index.php\/wp-json\/wp\/v2\/posts\/4317","targetHints":{"allow":["GET"]}}],"collection":[{"href":"https:\/\/saludsinaloa.gob.mx\/index.php\/wp-json\/wp\/v2\/posts"}],"about":[{"href":"https:\/\/saludsinaloa.gob.mx\/index.php\/wp-json\/wp\/v2\/types\/post"}],"author":[{"embeddable":true,"href":"https:\/\/saludsinaloa.gob.mx\/index.php\/wp-json\/wp\/v2\/users\/1"}],"replies":[{"embeddable":true,"href":"https:\/\/saludsinaloa.gob.mx\/index.php\/wp-json\/wp\/v2\/comments?post=4317"}],"version-history":[{"count":1,"href":"https:\/\/saludsinaloa.gob.mx\/index.php\/wp-json\/wp\/v2\/posts\/4317\/revisions"}],"predecessor-version":[{"id":4319,"href":"https:\/\/saludsinaloa.gob.mx\/index.php\/wp-json\/wp\/v2\/posts\/4317\/revisions\/4319"}],"wp:featuredmedia":[{"embeddable":true,"href":"https:\/\/saludsinaloa.gob.mx\/index.php\/wp-json\/wp\/v2\/media\/4318"}],"wp:attachment":[{"href":"https:\/\/saludsinaloa.gob.mx\/index.php\/wp-json\/wp\/v2\/media?parent=4317"}],"wp:term":[{"taxonomy":"category","embeddable":true,"href":"https:\/\/saludsinaloa.gob.mx\/index.php\/wp-json\/wp\/v2\/categories?post=4317"},{"taxonomy":"post_tag","embeddable":true,"href":"https:\/\/saludsinaloa.gob.mx\/index.php\/wp-json\/wp\/v2\/tags?post=4317"}],"curies":[{"name":"wp","href":"https:\/\/api.w.org\/{rel}","templated":true}]}}