{"id":4292,"date":"2018-08-13T06:35:46","date_gmt":"2018-08-13T06:35:46","guid":{"rendered":"http:\/\/saludsinaloa.gob.mx\/?p=4292"},"modified":"2018-08-15T19:39:33","modified_gmt":"2018-08-15T19:39:33","slug":"sss-entrega-kits-de-estimulacion-temprana-a-unidades-de-primer-nivel-de-atencion-13-de-agosto-del-2018","status":"publish","type":"post","link":"https:\/\/saludsinaloa.gob.mx\/index.php\/2018\/08\/13\/sss-entrega-kits-de-estimulacion-temprana-a-unidades-de-primer-nivel-de-atencion-13-de-agosto-del-2018\/","title":{"rendered":"SSS ENTREGA KIT\u00b4S DE ESTIMULACI\u00d3N TEMPRANA A UNIDADES DE PRIMER NIVEL DE ATENCI\u00d3N. 13 de agosto del 2018"},"content":{"rendered":"<p><a href=\"http:\/\/saludsinaloa.gob.mx\/wp-content\/uploads\/2017\/boletines\/13-08-2018 ENTREGA KITS DE ESTIMULACION TEMPRANA.pdf\" target=\"_blank\" rel=\"noopener\">Descargar<\/a><\/p>\n<p><strong>SSS ENTREGA KIT\u00b4S DE ESTIMULACI\u00d3N TEMPRANA A UNIDADES DE PRIMER NIVEL DE ATENCI\u00d3N<\/strong><\/p>\n<p><em>*Con \u00e9sta estrategia se refuerzan las acciones para la detecci\u00f3n y atenci\u00f3n oportuna de problemas del desarrollo en la infancia<\/em><\/p>\n<p>Culiac\u00e1n, Sinaloa, 13 de agosto del 2018; Con el objetivo de dotar de herramientas al personal especializado en la atenci\u00f3n oportuna de problemas de desarrollo en el primer nivel de atenci\u00f3n,\u00a0\u00a0autoridades estatales de los Servicios de Salud de Sinaloa, atenci\u00f3n m\u00e9dica y PROSPERA Salud, otorgaron paquetes de herramientas para el desarrollo infantil y la estimulaci\u00f3n temprana.<\/p>\n<p>Durante el acto simb\u00f3lico\u00a0a personal de las unidades de primer atenci\u00f3n de Culiac\u00e1n y Mazatl\u00e1n, el Dr. Pablo Guevara, Coordinador Estatal de PROSPERA Salud, inform\u00f3 que a trav\u00e9s de \u00e9stos paquetes personal de la Secretar\u00eda de Salud tendr\u00e1 los recursos para implementar las estrategias en las unidades de primer nivel de atenci\u00f3n y lograr la detecci\u00f3n y atenci\u00f3n oportuna de problemas del desarrollo.<\/p>\n<p>\u201cEste material no a todos los estados de la rep\u00fablica se les doto, tenemos la oportunidad ahorita de implementar esta estrategia que creemos es muy importante para el desarrollo infantil\u201d, concret\u00f3.<\/p>\n<p>Por su parte, el Dr. Jes\u00fas Arag\u00f3n Ch\u00e1vez, Subdirector de Atenci\u00f3n Primaria de los Servicios de Salud de Sinaloa detall\u00f3 que a trav\u00e9s de la Estrategia de Desarrollo Infantil y Estimulaci\u00f3n Temprana (EDI) de PROSPERA, se podr\u00e1n implementar acciones del Modelo de Promoci\u00f3n y Atenci\u00f3n del Desarrollo Infantil (PRADI), a ni\u00f1as y ni\u00f1os menores de cinco a\u00f1os beneficiarios del Programa PROSPERA.<\/p>\n<p>\u201cEsto es la culminaci\u00f3n de una serie de gestiones que se han dado a la tarea de llevar al cabo todas las instancias y direcciones de los servicios de salud del estado, las instrucciones del secretario de salud son de unir esfuerzos para tener resultados como este, este tipo de equipamiento que con el apoyo de autoridades federales nos dan la posibilidad de atender a todos los ni\u00f1os que as\u00ed lo requieran con el reforzamiento con este tipo de materiales\u201d, se\u00f1al\u00f3.<\/p>\n<p>Cabe destacar que los kits que ser\u00e1n repartidos en las unidades m\u00e9dicas de primer atenci\u00f3n, sirven para estimular las distintas \u00e1reas del desarrollo: Motora, Comunicaci\u00f3n, Adaptaci\u00f3n, Personal \u2013 Social, Cognitiva. Teniendo como objetivo el facilitar la adquisici\u00f3n fe los distintos hitos o habilidades de estas \u00e1reas para cada grupo de edad.<\/p>\n<p>&nbsp;<\/p>\n<p>&nbsp;<\/p>\n<p>Fuente: Departamento de Comunicaci\u00f3n Social a Agosto del 2018<br \/>\nElabor\u00f3: Departamento de Comunicaci\u00f3n Social \u2013 SECRETAR\u00cdA DE SALUD DEL ESTADO DE SINALOA.<\/p>\n","protected":false},"excerpt":{"rendered":"<p>Descargar SSS ENTREGA KIT\u00b4S DE ESTIMULACI\u00d3N TEMPRANA A UNIDADES DE PRIMER NIVEL DE ATENCI\u00d3N *Con \u00e9sta estrategia se refuerzan las acciones para la detecci\u00f3n y atenci\u00f3n oportuna de problemas del desarrollo en la infancia Culiac\u00e1n, Sinaloa, 13 de agosto del 2018; Con el objetivo de dotar de herramientas al personal especializado en la atenci\u00f3n oportuna [&hellip;]<\/p>\n","protected":false},"author":1,"featured_media":4293,"comment_status":"closed","ping_status":"open","sticky":false,"template":"","format":"standard","meta":{"footnotes":""},"categories":[4,3],"tags":[],"class_list":["post-4292","post","type-post","status-publish","format-standard","has-post-thumbnail","hentry","category-boletines-prensa","category-prensa"],"_links":{"self":[{"href":"https:\/\/saludsinaloa.gob.mx\/index.php\/wp-json\/wp\/v2\/posts\/4292","targetHints":{"allow":["GET"]}}],"collection":[{"href":"https:\/\/saludsinaloa.gob.mx\/index.php\/wp-json\/wp\/v2\/posts"}],"about":[{"href":"https:\/\/saludsinaloa.gob.mx\/index.php\/wp-json\/wp\/v2\/types\/post"}],"author":[{"embeddable":true,"href":"https:\/\/saludsinaloa.gob.mx\/index.php\/wp-json\/wp\/v2\/users\/1"}],"replies":[{"embeddable":true,"href":"https:\/\/saludsinaloa.gob.mx\/index.php\/wp-json\/wp\/v2\/comments?post=4292"}],"version-history":[{"count":1,"href":"https:\/\/saludsinaloa.gob.mx\/index.php\/wp-json\/wp\/v2\/posts\/4292\/revisions"}],"predecessor-version":[{"id":4294,"href":"https:\/\/saludsinaloa.gob.mx\/index.php\/wp-json\/wp\/v2\/posts\/4292\/revisions\/4294"}],"wp:featuredmedia":[{"embeddable":true,"href":"https:\/\/saludsinaloa.gob.mx\/index.php\/wp-json\/wp\/v2\/media\/4293"}],"wp:attachment":[{"href":"https:\/\/saludsinaloa.gob.mx\/index.php\/wp-json\/wp\/v2\/media?parent=4292"}],"wp:term":[{"taxonomy":"category","embeddable":true,"href":"https:\/\/saludsinaloa.gob.mx\/index.php\/wp-json\/wp\/v2\/categories?post=4292"},{"taxonomy":"post_tag","embeddable":true,"href":"https:\/\/saludsinaloa.gob.mx\/index.php\/wp-json\/wp\/v2\/tags?post=4292"}],"curies":[{"name":"wp","href":"https:\/\/api.w.org\/{rel}","templated":true}]}}