{"id":4192,"date":"2018-08-01T17:04:19","date_gmt":"2018-08-01T17:04:19","guid":{"rendered":"http:\/\/saludsinaloa.gob.mx\/?p=4192"},"modified":"2018-08-08T17:11:35","modified_gmt":"2018-08-08T17:11:35","slug":"refuerzan-areas-administrativas-de-la-secretaria-de-salud-01-de-agosto-del-2018","status":"publish","type":"post","link":"https:\/\/saludsinaloa.gob.mx\/index.php\/2018\/08\/01\/refuerzan-areas-administrativas-de-la-secretaria-de-salud-01-de-agosto-del-2018\/","title":{"rendered":"REFUERZAN \u00c1REAS ADMINISTRATIVAS DE LA SECRETAR\u00cdA DE SALUD. 01 de agosto del 2018"},"content":{"rendered":"<p><a href=\"http:\/\/saludsinaloa.gob.mx\/wp-content\/uploads\/2017\/boletines\/01-08-2018 REFUERZAN AREAS ADMINISTRATIVAS.pdf\" target=\"_blank\" rel=\"noopener\">Descargar<\/a><\/p>\n<p><strong>REFUERZAN \u00c1REAS ADMINISTRATIVAS DE LA\u00a0SECRETAR\u00cdA DE SALUD<\/strong><\/p>\n<p><strong>\u00a0<\/strong><strong>*El Dr. Efr\u00e9n Encinas Torres tom\u00f3 protesta a Jes\u00fas Ignacio Luis Barros Cebreros como Director Administrativo de los Servicios de Salud y\u00a0Armando Enrique Apodaca Soto asume la Subsecretar\u00eda de Servicios Administrativos.<\/strong><\/p>\n<p><strong>\u00a0<\/strong>Culiac\u00e1n, Sinaloa, 01 de agosto del 2018.- A fin de mejorar los Servicios de Salud de Sinaloa, el Secretario de Salud y Director General de los Servicios de Salud del Estado, Dr. Efr\u00e9n Encinas Torres tomo protesta a Jes\u00fas Ignacio Luis Barros Cereros, como Director Administrativo de los Servicios de Salud y a Armando Enrique Apodaca Soto, como Subsecretario de Servicios Administrativos.<\/p>\n<p>Los cargos fueron asumidos por ambos funcionarios con la alta responsabilidad que demandan los Servicios de Salud de Sinaloa, rengl\u00f3n que tiene suma importancia para el Gobierno del Estado que encabeza el Lic. Quirino Ordaz Coppel, as\u00ed lo coment\u00f3 el Secretario de Salud quien puntualiz\u00f3 que se trabajar\u00e1 de manera intensa para que la poblaci\u00f3n obtenga el mejor trato en el sector salud.<\/p>\n<p>En el acto protocolario, el Secretario de Salud se dijo agradecido con el Lic. Ra\u00fal Dom\u00ednguez Garc\u00eda quien fungi\u00f3 de manera responsable y dedicada la tarea como Subsecretario de Servicios Administrativos. Tambi\u00e9n lo acompa\u00f1aron el Dr. Eleno S\u00e1nchez Elizalde, Director Adjunto y el Lic. Rub\u00e9n An\u00edbal Garc\u00eda Castro, Director de Planeaci\u00f3n.<\/p>\n<p>En un evento por separado, se tom\u00f3 protesta a mandos medios de los Servicios de Salud de Sinaloa a\u00a0Praxedis Zamora Olmeda, como Subdirector de Recursos Humanos; a Gilberto \u00d3scar Casillas Barajas, como Subdirector de Recursos Materiales; asimismo a Norma Aurora Arce Miranda, como Jefa del Departamento de Adquisiciones; a Carmen Alicia Am\u00e9zquita Le\u00f3n, quien fungir\u00e1 como Jefa del Departamento de Operaci\u00f3n y Movimiento de Personal y a Concepci\u00f3n Mart\u00ednez Madrigal, como Jefe del Departamento de Pagos y Comprobaci\u00f3n\u00a0\u00a0de Nomina, quienes a partir de hoy ser\u00e1n los encargados de reforzar el \u00e1rea administrativa.<\/p>\n<p>&nbsp;<\/p>\n<p>&nbsp;<\/p>\n<p>Fuente: Departamento de Comunicaci\u00f3n Social a Agosto del 2018<br \/>\nElabor\u00f3: Departamento de Comunicaci\u00f3n Social \u2013 SECRETAR\u00cdA DE SALUD DEL ESTADO DE SINALOA.<\/p>\n","protected":false},"excerpt":{"rendered":"<p>Descargar REFUERZAN \u00c1REAS ADMINISTRATIVAS DE LA\u00a0SECRETAR\u00cdA DE SALUD \u00a0*El Dr. Efr\u00e9n Encinas Torres tom\u00f3 protesta a Jes\u00fas Ignacio Luis Barros Cebreros como Director Administrativo de los Servicios de Salud y\u00a0Armando Enrique Apodaca Soto asume la Subsecretar\u00eda de Servicios Administrativos. \u00a0Culiac\u00e1n, Sinaloa, 01 de agosto del 2018.- A fin de mejorar los Servicios de Salud de [&hellip;]<\/p>\n","protected":false},"author":1,"featured_media":4193,"comment_status":"closed","ping_status":"open","sticky":false,"template":"","format":"standard","meta":{"footnotes":""},"categories":[4,3],"tags":[],"class_list":["post-4192","post","type-post","status-publish","format-standard","has-post-thumbnail","hentry","category-boletines-prensa","category-prensa"],"_links":{"self":[{"href":"https:\/\/saludsinaloa.gob.mx\/index.php\/wp-json\/wp\/v2\/posts\/4192","targetHints":{"allow":["GET"]}}],"collection":[{"href":"https:\/\/saludsinaloa.gob.mx\/index.php\/wp-json\/wp\/v2\/posts"}],"about":[{"href":"https:\/\/saludsinaloa.gob.mx\/index.php\/wp-json\/wp\/v2\/types\/post"}],"author":[{"embeddable":true,"href":"https:\/\/saludsinaloa.gob.mx\/index.php\/wp-json\/wp\/v2\/users\/1"}],"replies":[{"embeddable":true,"href":"https:\/\/saludsinaloa.gob.mx\/index.php\/wp-json\/wp\/v2\/comments?post=4192"}],"version-history":[{"count":1,"href":"https:\/\/saludsinaloa.gob.mx\/index.php\/wp-json\/wp\/v2\/posts\/4192\/revisions"}],"predecessor-version":[{"id":4194,"href":"https:\/\/saludsinaloa.gob.mx\/index.php\/wp-json\/wp\/v2\/posts\/4192\/revisions\/4194"}],"wp:featuredmedia":[{"embeddable":true,"href":"https:\/\/saludsinaloa.gob.mx\/index.php\/wp-json\/wp\/v2\/media\/4193"}],"wp:attachment":[{"href":"https:\/\/saludsinaloa.gob.mx\/index.php\/wp-json\/wp\/v2\/media?parent=4192"}],"wp:term":[{"taxonomy":"category","embeddable":true,"href":"https:\/\/saludsinaloa.gob.mx\/index.php\/wp-json\/wp\/v2\/categories?post=4192"},{"taxonomy":"post_tag","embeddable":true,"href":"https:\/\/saludsinaloa.gob.mx\/index.php\/wp-json\/wp\/v2\/tags?post=4192"}],"curies":[{"name":"wp","href":"https:\/\/api.w.org\/{rel}","templated":true}]}}