{"id":4146,"date":"2018-07-27T06:04:53","date_gmt":"2018-07-27T06:04:53","guid":{"rendered":"http:\/\/saludsinaloa.gob.mx\/?p=4146"},"modified":"2018-08-03T17:08:38","modified_gmt":"2018-08-03T17:08:38","slug":"mejorar-la-salud-de-los-sinaloenses-se-puede-con-la-suma-de-esfuerzos-dr-efren-encinas-torres-27-de-julio-del-2018","status":"publish","type":"post","link":"https:\/\/saludsinaloa.gob.mx\/index.php\/2018\/07\/27\/mejorar-la-salud-de-los-sinaloenses-se-puede-con-la-suma-de-esfuerzos-dr-efren-encinas-torres-27-de-julio-del-2018\/","title":{"rendered":"MEJORAR LA SALUD DE LOS SINALOENSES SE PUEDE CON LA SUMA DE ESFUERZOS: DR. EFR\u00c9N ENCINAS TORRES. 27 de julio del 2018"},"content":{"rendered":"<p><a href=\"http:\/\/saludsinaloa.gob.mx\/wp-content\/uploads\/2017\/boletines\/27-07-2018 INAGURACION CLINICA FUNDACION CIVIL.pdf\" target=\"_blank\" rel=\"noopener\">Descargar<\/a><\/p>\n<p><strong>MEJORAR LA SALUD DE LOS SINALOENSES SE PUEDE CON LA SUMA DE ESFUERZOS: DR. EFR\u00c9N ENCINAS TORRES<\/strong><\/p>\n<p><em>*El Secretario de Salud del Estado, hizo un llamado a todos los entes, gubernamentales y civiles, para trabajar en conjunto y elevar la prevenci\u00f3n y atenci\u00f3n de la salud en el estado.<\/em><\/p>\n<p>Culiac\u00e1n, Sinaloa;27 de julio del 2018. La salud de los sinaloenses siempre se ver\u00e1 beneficiada cuando se suman esfuerzos y voluntades, tanto de organismos gubernamentales como civiles, logrando con ello una sinergia en beneficio de los m\u00e1s necesitados, asegur\u00f3 el Secretario de Salud del Estado, Dr. Efr\u00e9n Encinas Torres.<\/p>\n<p>Durante la inauguraci\u00f3n de la Cl\u00ednica de la Fundaci\u00f3n Civil \u201cX Las Mujeres y Las Familias\u201d, el tambi\u00e9n director de los Servicios de Salud reconoci\u00f3 el trabajo que realizan los especialistas que ah\u00ed laboran, pues de una forma desinteresada, sin beneficio propio, apoyan en la atenci\u00f3n tanto preventiva como de atenci\u00f3n de los m\u00e1s necesitados.<\/p>\n<p>\u201cEsta uni\u00f3n viene a redundar en el beneficio evidentemente de la poblaci\u00f3n, es un esfuerzo conjunto de amigos y amigas, es una sinergia y suma de voluntades para encontrar el mismo fin, la buena salud de los sinaloenses y no hay m\u00e1s que sumarlos y apoyarlos\u201d.<\/p>\n<p>El galeno hizo un llamado a todos los entes, civiles y gubernamentales, para trabajar en conjunto, realizando no solo la atenci\u00f3n de enfermos, sino campa\u00f1as de prevenci\u00f3n que eviten las enfermedades m\u00e1s comunes.<\/p>\n<p>Por su parte, la presidenta de esta asociaci\u00f3n civil, Dra. Ver\u00f3nica Ochoa, expres\u00f3 que la Salud de los Mexicanos est\u00e1 generando una demanda exponencial por diversos factores, y no todos los ciudadanos tienen acceso a servicios de seguridad social, por eso se requiere del apoyo de toda la sociedad.<\/p>\n<p>\u201cEl tren no se puede detener, la salud no espera, por eso conscientes de esta realidad tan apremiante es que surge esta iniciativa social, al servicio de los que m\u00e1s necesitan\u201d.<\/p>\n<p>El objetivo de esta cl\u00ednica, ubicada por la calle Aguilar Barraza #335, Col. Jorge Almada, es atender y apoyar en atenci\u00f3n m\u00e9dica, psicol\u00f3gica, medicina preventiva, nutricional y dental, entre otros.<\/p>\n<p>Presente en esta inauguraci\u00f3n tambi\u00e9n estuvieron, adem\u00e1s de los integrantes de esta asociaci\u00f3n, la dirigente sindical, Arcelia Prado y representantes del Club Rotario y la Universidad Aut\u00f3noma de Sinaloa.<\/p>\n<p>&nbsp;<\/p>\n<p>&nbsp;<\/p>\n<p>Fuente: Departamento de Comunicaci\u00f3n Social a Julio del 2018<br \/>\nElabor\u00f3: Departamento de Comunicaci\u00f3n Social \u2013 SECRETAR\u00cdA DE SALUD DEL ESTADO DE SINALOA.<\/p>\n","protected":false},"excerpt":{"rendered":"<p>Descargar MEJORAR LA SALUD DE LOS SINALOENSES SE PUEDE CON LA SUMA DE ESFUERZOS: DR. EFR\u00c9N ENCINAS TORRES *El Secretario de Salud del Estado, hizo un llamado a todos los entes, gubernamentales y civiles, para trabajar en conjunto y elevar la prevenci\u00f3n y atenci\u00f3n de la salud en el estado. Culiac\u00e1n, Sinaloa;27 de julio del [&hellip;]<\/p>\n","protected":false},"author":1,"featured_media":4147,"comment_status":"closed","ping_status":"open","sticky":false,"template":"","format":"standard","meta":{"footnotes":""},"categories":[4,3],"tags":[],"class_list":["post-4146","post","type-post","status-publish","format-standard","has-post-thumbnail","hentry","category-boletines-prensa","category-prensa"],"_links":{"self":[{"href":"https:\/\/saludsinaloa.gob.mx\/index.php\/wp-json\/wp\/v2\/posts\/4146","targetHints":{"allow":["GET"]}}],"collection":[{"href":"https:\/\/saludsinaloa.gob.mx\/index.php\/wp-json\/wp\/v2\/posts"}],"about":[{"href":"https:\/\/saludsinaloa.gob.mx\/index.php\/wp-json\/wp\/v2\/types\/post"}],"author":[{"embeddable":true,"href":"https:\/\/saludsinaloa.gob.mx\/index.php\/wp-json\/wp\/v2\/users\/1"}],"replies":[{"embeddable":true,"href":"https:\/\/saludsinaloa.gob.mx\/index.php\/wp-json\/wp\/v2\/comments?post=4146"}],"version-history":[{"count":1,"href":"https:\/\/saludsinaloa.gob.mx\/index.php\/wp-json\/wp\/v2\/posts\/4146\/revisions"}],"predecessor-version":[{"id":4148,"href":"https:\/\/saludsinaloa.gob.mx\/index.php\/wp-json\/wp\/v2\/posts\/4146\/revisions\/4148"}],"wp:featuredmedia":[{"embeddable":true,"href":"https:\/\/saludsinaloa.gob.mx\/index.php\/wp-json\/wp\/v2\/media\/4147"}],"wp:attachment":[{"href":"https:\/\/saludsinaloa.gob.mx\/index.php\/wp-json\/wp\/v2\/media?parent=4146"}],"wp:term":[{"taxonomy":"category","embeddable":true,"href":"https:\/\/saludsinaloa.gob.mx\/index.php\/wp-json\/wp\/v2\/categories?post=4146"},{"taxonomy":"post_tag","embeddable":true,"href":"https:\/\/saludsinaloa.gob.mx\/index.php\/wp-json\/wp\/v2\/tags?post=4146"}],"curies":[{"name":"wp","href":"https:\/\/api.w.org\/{rel}","templated":true}]}}