{"id":3664,"date":"2018-06-20T06:20:45","date_gmt":"2018-06-20T06:20:45","guid":{"rendered":"http:\/\/saludsinaloa.gob.mx\/?p=3664"},"modified":"2018-06-20T19:28:05","modified_gmt":"2018-06-20T19:28:05","slug":"se-municipaliza-la-estrategia-nacional-de-inclusion-20-de-junio-del-2018","status":"publish","type":"post","link":"https:\/\/saludsinaloa.gob.mx\/index.php\/2018\/06\/20\/se-municipaliza-la-estrategia-nacional-de-inclusion-20-de-junio-del-2018\/","title":{"rendered":"SE MUNICIPALIZA LA ESTRATEGIA NACIONAL DE INCLUSI\u00d3N. 20 de junio del 2018"},"content":{"rendered":"<p><a href=\"http:\/\/saludsinaloa.gob.mx\/wp-content\/uploads\/2017\/boletines\/20-06-2018 MESA DE INCLUSION EN SALUD.pdf\" target=\"_blank\" rel=\"noopener\">Descargar<\/a><\/p>\n<p><strong>SE MUNICIPALIZA LA ESTRATEGIA NACIONAL DE INCLUSI\u00d3N<\/strong><\/p>\n<p><em>*Autoridades federales y estatales, realizan mesa de Salud y Seguridad Social en el municipio de Escuinapa<\/em><\/p>\n<p>&nbsp;<\/p>\n<p>Escuinapa, Sinaloa; En atenci\u00f3n a la instrucci\u00f3n girada por el Gobernador de Sinaloa, Quirino Ordaz Coppel, de municipalizar la Mesa de Inclusi\u00f3n Social para que tanto dependencias federales como estatales revisen y analicen las metas establecidas para el combate a la pobreza 2018, en esta ocasi\u00f3n se realiz\u00f3 la Mesa de Salud y Seguridad Social en el municipio de Escuinapa.<\/p>\n<p>&nbsp;<\/p>\n<p>El Lic. Ra\u00fal Carrillo Casta\u00f1os, Secretario de Desarrollo Social del Gobierno del Estado, manifest\u00f3 que el objetivo es que la operaci\u00f3n de las mesas se encuentre en cada uno de los municipios para atender las necesidades y trabajar con cada una de las 391 zonas de alta prioridad.<br \/>\n\u201cNos ha pedido el Sr. Gobernador que se municipalice la operaci\u00f3n de las mesas, que vayamos municipio por municipio para analizar los avances de cada mesa, pero tambi\u00e9n tener la oportunidad de revisar puntualmente como se est\u00e1n avanzando en estas mesas y estos compromisos con cada municipio y tener la oportunidad con cada uno de los presidentes de escuchar sus inquietudes\u201d, estableci\u00f3.<\/p>\n<p>&nbsp;<\/p>\n<p>Por su parte, el Dr. V\u00edctor Hugo Malof, Subsecretario de Atenci\u00f3n M\u00e9dica, en representaci\u00f3n del\u00a0titular de la Mesa de Inclusi\u00f3n de Salud y Seguridad Social\u00a0y Secretario de Salud de Sinaloa, Dr. Alfredo Rom\u00e1n Messina, present\u00f3 los avances de las metas establecidas dentro de la Estrategia Nacional de Inclusi\u00f3n.<br \/>\nEstableci\u00f3 que, en cuanto a la cobertura en Salud, PROSPERA tiene con meta establecida 53 mil 580 afiliados y 95 mil 824 re afiliados, cumpliendo con ello en un 51% la meta establecida. SEDESOL registra como meta 22 mil 864 adultos mayores afiliados y 877 re afiliados, y se genera un 109% de la meta establecida.<br \/>\nAsimismo, inform\u00f3 que el DIF tiene como meta otorgar 52 mil consultas a las personas con capacidades diferentes o en riesgo potencial de presentarlas y se presenta, en este rubro se tiene un avance de 16 mil 831 consultas otorgadas, generando con ello un 32.36% de avance.<\/p>\n<p>&nbsp;<\/p>\n<p>Agreg\u00f3 que, dentro de las acciones estrat\u00e9gicas por carencia social, la Secretar\u00eda de Salud estableci\u00f3 una meta de otorgar 30 mil 029 consultas a mujeres embarazadas meta, y actualmente se tiene un avance de 10 mil 644 consultas otorgadas. Dar 24,514 consultas a personas con capacidades diferentes, teniendo un avance del 25.50% en este rubro.<\/p>\n<p>&nbsp;<\/p>\n<p>En cuanto a la poblaci\u00f3n pedi\u00e1trica y adolescente (de 0 a 19 a\u00f1os), se estableci\u00f3 una meta de 860 mil 226 consultas, teniendo un avance del 36.27%, mientras en las pruebas tomadas de tamiz a reci\u00e9n nacido, se tiene una meta de 41 mil 012 y se tiene un avance del 30.19%.<\/p>\n<p>&nbsp;<\/p>\n<p>En la Estrategia Nacional de Inclusi\u00f3n, tambi\u00e9n estuvieron presentes, Aida Fernanda Oceguera Burques, Presidenta Municipal de Escuinapa; Ing. Juan Fernando Le\u00f3n Garc\u00eda, Delegado de PROSPERA en Sinaloa, Lic. Jos\u00e9 Alberto Salas Beltr\u00e1n, Delegado Federal de SEDESOL en Sinaloa, el\u00a0Lic. Rub\u00e9n An\u00edbal Garc\u00eda Castro, Director de Planeaci\u00f3n de la SSS, Lic. Jes\u00fas Ignacio Barros Cebreros, director del Seguro Popular en Sinaloa, entre otras autoridades.<\/p>\n<p>&nbsp;<\/p>\n<p>&nbsp;<\/p>\n<p>Fuente: Departamento de Comunicaci\u00f3n Social a Junio del 2018<br \/>\nElabor\u00f3: Departamento de Comunicaci\u00f3n Social \u2013 SECRETAR\u00cdA DE SALUD DEL ESTADO DE SINALOA.<\/p>\n","protected":false},"excerpt":{"rendered":"<p>Descargar SE MUNICIPALIZA LA ESTRATEGIA NACIONAL DE INCLUSI\u00d3N *Autoridades federales y estatales, realizan mesa de Salud y Seguridad Social en el municipio de Escuinapa &nbsp; Escuinapa, Sinaloa; En atenci\u00f3n a la instrucci\u00f3n girada por el Gobernador de Sinaloa, Quirino Ordaz Coppel, de municipalizar la Mesa de Inclusi\u00f3n Social para que tanto dependencias federales como estatales [&hellip;]<\/p>\n","protected":false},"author":1,"featured_media":3665,"comment_status":"closed","ping_status":"open","sticky":false,"template":"","format":"standard","meta":{"footnotes":""},"categories":[4,3],"tags":[],"class_list":["post-3664","post","type-post","status-publish","format-standard","has-post-thumbnail","hentry","category-boletines-prensa","category-prensa"],"_links":{"self":[{"href":"https:\/\/saludsinaloa.gob.mx\/index.php\/wp-json\/wp\/v2\/posts\/3664","targetHints":{"allow":["GET"]}}],"collection":[{"href":"https:\/\/saludsinaloa.gob.mx\/index.php\/wp-json\/wp\/v2\/posts"}],"about":[{"href":"https:\/\/saludsinaloa.gob.mx\/index.php\/wp-json\/wp\/v2\/types\/post"}],"author":[{"embeddable":true,"href":"https:\/\/saludsinaloa.gob.mx\/index.php\/wp-json\/wp\/v2\/users\/1"}],"replies":[{"embeddable":true,"href":"https:\/\/saludsinaloa.gob.mx\/index.php\/wp-json\/wp\/v2\/comments?post=3664"}],"version-history":[{"count":1,"href":"https:\/\/saludsinaloa.gob.mx\/index.php\/wp-json\/wp\/v2\/posts\/3664\/revisions"}],"predecessor-version":[{"id":3666,"href":"https:\/\/saludsinaloa.gob.mx\/index.php\/wp-json\/wp\/v2\/posts\/3664\/revisions\/3666"}],"wp:featuredmedia":[{"embeddable":true,"href":"https:\/\/saludsinaloa.gob.mx\/index.php\/wp-json\/wp\/v2\/media\/3665"}],"wp:attachment":[{"href":"https:\/\/saludsinaloa.gob.mx\/index.php\/wp-json\/wp\/v2\/media?parent=3664"}],"wp:term":[{"taxonomy":"category","embeddable":true,"href":"https:\/\/saludsinaloa.gob.mx\/index.php\/wp-json\/wp\/v2\/categories?post=3664"},{"taxonomy":"post_tag","embeddable":true,"href":"https:\/\/saludsinaloa.gob.mx\/index.php\/wp-json\/wp\/v2\/tags?post=3664"}],"curies":[{"name":"wp","href":"https:\/\/api.w.org\/{rel}","templated":true}]}}