{"id":3532,"date":"2014-04-08T06:03:36","date_gmt":"2014-04-08T06:03:36","guid":{"rendered":"http:\/\/saludsinaloa.gob.mx\/?p=3532"},"modified":"2018-06-15T17:08:04","modified_gmt":"2018-06-15T17:08:04","slug":"secretaria-de-salud-re-certifica-campos-batan-i-y-batan-ii-como-albergues-saludables-8-de-abril-del-2014","status":"publish","type":"post","link":"https:\/\/saludsinaloa.gob.mx\/index.php\/2014\/04\/08\/secretaria-de-salud-re-certifica-campos-batan-i-y-batan-ii-como-albergues-saludables-8-de-abril-del-2014\/","title":{"rendered":"SECRETAR\u00cdA DE SALUD RE-CERTIFICA CAMPOS BAT\u00c1N I Y BAT\u00c1N II COMO ALBERGUES SALUDABLES. 8 de abril del 2014"},"content":{"rendered":"<p><a href=\"http:\/\/wpress2.saludsinaloa.gob.mx\/wordpress\/wp-content\/uploads\/2017\/boletines\/08-04-2014 CERTIFICACION DE CAMPOS AGRICOLAS BATAN I Y II.pdf\" target=\"_blank\" rel=\"noopener\">Descargar<\/a><\/p>\n<p>Culiac\u00e1n, Sinaloa a 08 de abril del 2014<\/p>\n<p>SECRETAR\u00cdA DE SALUD RE-CERTIFICA CAMPOS BAT\u00c1N I Y BAT\u00c1N II COMO ALBERGUES SALUDABLES<\/p>\n<p>Fortalecer las acciones de prevenci\u00f3n y promoci\u00f3n de la salud, dentro del programa \u201cMigrante y Salud\u201d brindando un blindaje asistencial en la atenci\u00f3n m\u00e9dica integral.<\/p>\n<p>La misi\u00f3n es articular acciones de promoci\u00f3n de la Salud dirigidas a las familias migrantes, aplic\u00e1ndolas en su sitio de origen, tr\u00e1nsito y destino para lograr en ellos una vida saludable.<\/p>\n<p>CULIAC\u00c1N, SIN.- Al re-certificar los campos agr\u00edcolas Bat\u00e1n I y Bat\u00e1n II, as\u00ed como sus Albergues como saludables de la Empresa Del Campo y Asociados, y sus escuelas como Promotoras de la Salud, Jaime Ot\u00e1\u00f1ez Garc\u00eda, Director de atenci\u00f3n m\u00e9dica en la Secretar\u00eda de Salud, destac\u00f3 quela instituci\u00f3n tiene como meta reducir las desigualdades en salud para mejorar las condiciones de vida dentro de los campos agr\u00edcolas.<\/p>\n<p>En representaci\u00f3n de Ernesto Echeverr\u00eda Aispuro, Secretario de Salud en la entidad, Ot\u00e1\u00f1ez Garc\u00eda afirm\u00f3 que la instrucci\u00f3n siempre ha sido la de llevar atenci\u00f3n m\u00e9dica a los grupos m\u00e1s vulnerables y en ese sentido la poblaci\u00f3n migrante son personas a las que se le tienen que fortalecer las acciones de prevenci\u00f3n y promoci\u00f3n de la salud, dentro del programa Migrante y Salud, brindando un blindaje asistencial en la atenci\u00f3n m\u00e9dica integral.<br \/>\nEl Funcionario Estatal destac\u00f3 que la misi\u00f3n es articular acciones de promoci\u00f3n de la Salud dirigidas a las familias migrantes, aplic\u00e1ndolas en su sitio de origen, tr\u00e1nsito y destino para lograr un estado favorable, mediante acciones determinantes para la aplicaci\u00f3n de un paquete de servicios de prevenci\u00f3n y promoci\u00f3n de enfermedades.<\/p>\n<p>\u201cEl programa tiene como objetivos, contribuir a la protecci\u00f3n de la salud del migrante y su familia, con participaci\u00f3n coordinada interinstitucional e intersectorial, impulsando acciones de promoci\u00f3n a fin de lograr que sean capaces de mejorar sus entornos de vida saludables\u201d.<br \/>\nDentro del diagnostico realizado permiti\u00f3 conocer las caracter\u00edsticas del albergue (techos, muros, pisos y ventilaci\u00f3n), disponibilidad de agua, sanitarios, bebederos, manejo y eliminaci\u00f3n de basura, eliminaci\u00f3n de fauna nociva, mantenimiento y conservaci\u00f3n adecuada de instalaciones, \u00e1reas verdes y de recreaci\u00f3n.<\/p>\n<p>As\u00ed mismo el representante de la Secretar\u00eda de Salud agreg\u00f3 que dentro de las acciones aplicadas de prevenci\u00f3n y promoci\u00f3n de la salud, se realizaron esquemas de vacunaci\u00f3n en ni\u00f1os; ni\u00f1as y adolescentes, mujeres, hombres y adultos mayores, capacitaci\u00f3n a madres en temas sobre orientaci\u00f3n alimentaria, diarreas, diabetes, hipertensi\u00f3n, salud bucal, infecciones respiratorias agudas, ITS y VIH\/SIDA, enfermedades de la piel, m\u00e9todos anticonceptivos, prevenci\u00f3n de las adicciones, prevenci\u00f3n y detecci\u00f3n de C\u00e1ncer Cervico Uterino, C\u00e1ncer de Mama, mujeres embarazadas en control prenatal, diab\u00e9ticos e hipertensos en control.<\/p>\n<p>Por su parte Juan Jos\u00e9 Ley Sanz, representante de Empresas del Campo y Asociados, destac\u00f3 que la empresa no solamente est\u00e1 comprometida con la mejora de productos, sino con el recurso humano al ofrecer servicios de calidad en salud y educaci\u00f3n, as\u00ed como mejora de sus viviendas para ofrecer un estilo de vida con calidad.<br \/>\nAsegurando que lo que se hace es por el bien de los trabajadores, afirmando que esto no se podr\u00eda lograr si no se cuenta con el apoyo institucional de autoridades y organismos encaminados a mejorar la calidad de vida de los trabajadores del campo sinaloense.<\/p>\n<p>Por \u00faltimo Jaime Ot\u00e1\u00f1ez Garc\u00eda reiter\u00f3 el compromiso y el trabajo de todos los trabajadores del Sector Salud de Sinaloa, donde se avanzar\u00e1 de manera creciente y s\u00f3lida en la edificaci\u00f3n de una sociedad m\u00e1s fuerte y m\u00e1s sana, pues en Sinaloa la salud es Tarea de Todos.<\/p>\n","protected":false},"excerpt":{"rendered":"<p>Descargar Culiac\u00e1n, Sinaloa a 08 de abril del 2014 SECRETAR\u00cdA DE SALUD RE-CERTIFICA CAMPOS BAT\u00c1N I Y BAT\u00c1N II COMO ALBERGUES SALUDABLES Fortalecer las acciones de prevenci\u00f3n y promoci\u00f3n de la salud, dentro del programa \u201cMigrante y Salud\u201d brindando un blindaje asistencial en la atenci\u00f3n m\u00e9dica integral. La misi\u00f3n es articular acciones de promoci\u00f3n de [&hellip;]<\/p>\n","protected":false},"author":1,"featured_media":0,"comment_status":"closed","ping_status":"open","sticky":false,"template":"","format":"standard","meta":{"footnotes":""},"categories":[4,3],"tags":[],"class_list":["post-3532","post","type-post","status-publish","format-standard","hentry","category-boletines-prensa","category-prensa"],"_links":{"self":[{"href":"https:\/\/saludsinaloa.gob.mx\/index.php\/wp-json\/wp\/v2\/posts\/3532","targetHints":{"allow":["GET"]}}],"collection":[{"href":"https:\/\/saludsinaloa.gob.mx\/index.php\/wp-json\/wp\/v2\/posts"}],"about":[{"href":"https:\/\/saludsinaloa.gob.mx\/index.php\/wp-json\/wp\/v2\/types\/post"}],"author":[{"embeddable":true,"href":"https:\/\/saludsinaloa.gob.mx\/index.php\/wp-json\/wp\/v2\/users\/1"}],"replies":[{"embeddable":true,"href":"https:\/\/saludsinaloa.gob.mx\/index.php\/wp-json\/wp\/v2\/comments?post=3532"}],"version-history":[{"count":1,"href":"https:\/\/saludsinaloa.gob.mx\/index.php\/wp-json\/wp\/v2\/posts\/3532\/revisions"}],"predecessor-version":[{"id":3534,"href":"https:\/\/saludsinaloa.gob.mx\/index.php\/wp-json\/wp\/v2\/posts\/3532\/revisions\/3534"}],"wp:attachment":[{"href":"https:\/\/saludsinaloa.gob.mx\/index.php\/wp-json\/wp\/v2\/media?parent=3532"}],"wp:term":[{"taxonomy":"category","embeddable":true,"href":"https:\/\/saludsinaloa.gob.mx\/index.php\/wp-json\/wp\/v2\/categories?post=3532"},{"taxonomy":"post_tag","embeddable":true,"href":"https:\/\/saludsinaloa.gob.mx\/index.php\/wp-json\/wp\/v2\/tags?post=3532"}],"curies":[{"name":"wp","href":"https:\/\/api.w.org\/{rel}","templated":true}]}}