{"id":3485,"date":"2014-03-24T06:46:20","date_gmt":"2014-03-24T06:46:20","guid":{"rendered":"http:\/\/saludsinaloa.gob.mx\/?p=3485"},"modified":"2018-06-14T17:52:26","modified_gmt":"2018-06-14T17:52:26","slug":"arranca-de-manera-oficial-la-semana-nacional-de-vacunacion-antirrabica-canina-y-felina-24-de-marzo-del-2014","status":"publish","type":"post","link":"https:\/\/saludsinaloa.gob.mx\/index.php\/2014\/03\/24\/arranca-de-manera-oficial-la-semana-nacional-de-vacunacion-antirrabica-canina-y-felina-24-de-marzo-del-2014\/","title":{"rendered":"ARRANCA DE MANERA OFICIAL LA SEMANA NACIONAL DE VACUNACI\u00d3N ANTIRR\u00c1BICA CANINA Y FELINA. 24 de marzo del 2014"},"content":{"rendered":"<p><a href=\"http:\/\/wpress2.saludsinaloa.gob.mx\/wordpress\/wp-content\/uploads\/2017\/boletines\/24-03-2014 SEMANA DE VACUNACION ANTIRRABICA.pdf\" target=\"_blank\" rel=\"noopener\">Descargar<\/a><\/p>\n<p>Culiac\u00e1n, Sinaloa a 24 de Marzo del 2014<\/p>\n<p>ARRANCA DE MANERA OFICIAL LA SEMANA NACIONAL DE VACUNACI\u00d3N ANTIRR\u00c1BICA CANINA Y FELINA<\/p>\n<p>A 25 a\u00f1os de haber instalado el programa a nivel nacional, Sinaloa tiene 19 a\u00f1os que no presenta un caso de Rabia Humana<\/p>\n<p>CULIAC\u00c1N, SIN.- Teniendo como meta la aplicaci\u00f3n de 218 mil vacunas a lo largo y ancho de todo el Estado de Sinaloa, este d\u00eda se puso en marcha la Semana Nacional de Vacunaci\u00f3n Antirr\u00e1bica Canina y Felina 2014, donde Ernesto Echeverr\u00eda Aispuro, Secretario de Salud en Sinaloa, inform\u00f3 que se buscar\u00e1 alcanzar una cobertura del 99 por ciento en la aplicaci\u00f3n del biol\u00f3gico.<\/p>\n<p>Teniendo como escenario el Auditorio de la Facultad de Veterinaria de la UAS, en Culiac\u00e1n, Ernesto Echeverr\u00eda asegur\u00f3 que gracias al esfuerzo que ha realizado el Sistema de Salud Nacional, Sinaloa tiene 19 a\u00f1os sin casos de Rabia humana, donde en el a\u00f1o 2000 se registr\u00f3 en M\u00e9xico el \u00faltimo caso, recordando que en 1990 hubo 60 defunciones en el pa\u00eds, present\u00e1ndose adem\u00e1s 3 mil casos.<br \/>\n\u201cEsta es una vacuna gratuita y de las mejores en todo el mundo por su calidad, por lo que vamos a tener alrededor de 600 personas trabajando en las brigadas de vacunaci\u00f3n en todo Sinaloa\u201d.<\/p>\n<p>Record\u00f3 a la poblaci\u00f3n el riesgo inminente que representan la mordedura por animales silvestres como murci\u00e9lagos, zorrillos, zorros, coyotes, pues sin importar el tama\u00f1o de la lesi\u00f3n es importante acudir al m\u00e9dico, adem\u00e1s de recomendar no tener contacto f\u00edsico con estos animales, en caso de agresi\u00f3n acudir a la brevedad a la unidad de salud m\u00e1s cercana para aplicarse su tratamiento preventivo.<\/p>\n<p>As\u00ed mismo, advirti\u00f3 que es importante hacer conciencia en los ni\u00f1os para que comuniquen a sus padres cuando hayan tenido alg\u00fan contacto con un animal silvestre, ya que alguna agresi\u00f3n, por m\u00e1s m\u00ednima puede desencadenar el padecimiento de la Rabia.<br \/>\nPor su parte Jaime Borbolla Ibarra, Director de la Facultad de Veterinaria de la UAS, agradeci\u00f3 a las autoridades por tomar en cuenta a la instituci\u00f3n, ya que desde hace 23 a\u00f1os ha participado de manera incansable en esta Semana Nacional de Vacunaci\u00f3n Antirr\u00e1bica Canina y Felina.<\/p>\n<p>Borbolla Ibarra resalt\u00f3 que M\u00e9xico es el primer pa\u00eds latinoamericano en eliminar la Rabia humana trasmitida por perros, seg\u00fan la Organizaci\u00f3n Mundial de la Salud, meta que se hab\u00eda trazado para el a\u00f1o 2015, asegurando que el \u00faltimo caso de Rabia humana fue en 1986 en la sindicatura de Juan Jos\u00e9 R\u00edos, mientras que el \u00faltimo caso de rabia canina fue en 1994, present\u00e1ndose en Culiac\u00e1n.<br \/>\nResalt\u00f3 que los reservorios silvestres son muy dif\u00edciles de erradicar como Coyotes, Tlacuaches y animales de sangre caliente, fauna que es muy dif\u00edcil erradicar por el estado en el que se desenvuelven, siendo la zona rural la m\u00e1s vulnerable a este tipo de afectaciones.<\/p>\n<p>Adem\u00e1s Borbolla Ibarra coment\u00f3 que ser\u00e1n 180 estudiantes de la Facultad de Veterinaria, los que participar\u00e1n de manera voluntaria en esta campa\u00f1a, otorgando tambi\u00e9n la escuela un veh\u00edculo para el traslado a los lugares a atender y la hidrataci\u00f3n para los alumnos.<\/p>\n<p>\u201cEstas acciones son las que se requiere hacer y cuando la Universidad Aut\u00f3noma de Sinaloa es llamada a atender un asunto social ah\u00ed estamos y vamos a estar siempre y cuando la sociedad nos convoque para ayudarles\u201d.<br \/>\nPor \u00faltimo Ernesto Echeverr\u00eda exhort\u00f3 a la poblaci\u00f3n a brindar el cuidado necesario a las mascotas y as\u00ed prevenir enfermedades como la Fiebre Manchada (Rickettsia), pues es otro de los padecimientos que trasmiten los animales dom\u00e9sticos, es este caso por la mordedura de la garrapata, asegurando que en Sinaloa la Salud es Tarea de Todos.<\/p>\n","protected":false},"excerpt":{"rendered":"<p>Descargar Culiac\u00e1n, Sinaloa a 24 de Marzo del 2014 ARRANCA DE MANERA OFICIAL LA SEMANA NACIONAL DE VACUNACI\u00d3N ANTIRR\u00c1BICA CANINA Y FELINA A 25 a\u00f1os de haber instalado el programa a nivel nacional, Sinaloa tiene 19 a\u00f1os que no presenta un caso de Rabia Humana CULIAC\u00c1N, SIN.- Teniendo como meta la aplicaci\u00f3n de 218 mil [&hellip;]<\/p>\n","protected":false},"author":1,"featured_media":0,"comment_status":"closed","ping_status":"open","sticky":false,"template":"","format":"standard","meta":{"footnotes":""},"categories":[4,3],"tags":[],"class_list":["post-3485","post","type-post","status-publish","format-standard","hentry","category-boletines-prensa","category-prensa"],"_links":{"self":[{"href":"https:\/\/saludsinaloa.gob.mx\/index.php\/wp-json\/wp\/v2\/posts\/3485","targetHints":{"allow":["GET"]}}],"collection":[{"href":"https:\/\/saludsinaloa.gob.mx\/index.php\/wp-json\/wp\/v2\/posts"}],"about":[{"href":"https:\/\/saludsinaloa.gob.mx\/index.php\/wp-json\/wp\/v2\/types\/post"}],"author":[{"embeddable":true,"href":"https:\/\/saludsinaloa.gob.mx\/index.php\/wp-json\/wp\/v2\/users\/1"}],"replies":[{"embeddable":true,"href":"https:\/\/saludsinaloa.gob.mx\/index.php\/wp-json\/wp\/v2\/comments?post=3485"}],"version-history":[{"count":3,"href":"https:\/\/saludsinaloa.gob.mx\/index.php\/wp-json\/wp\/v2\/posts\/3485\/revisions"}],"predecessor-version":[{"id":3488,"href":"https:\/\/saludsinaloa.gob.mx\/index.php\/wp-json\/wp\/v2\/posts\/3485\/revisions\/3488"}],"wp:attachment":[{"href":"https:\/\/saludsinaloa.gob.mx\/index.php\/wp-json\/wp\/v2\/media?parent=3485"}],"wp:term":[{"taxonomy":"category","embeddable":true,"href":"https:\/\/saludsinaloa.gob.mx\/index.php\/wp-json\/wp\/v2\/categories?post=3485"},{"taxonomy":"post_tag","embeddable":true,"href":"https:\/\/saludsinaloa.gob.mx\/index.php\/wp-json\/wp\/v2\/tags?post=3485"}],"curies":[{"name":"wp","href":"https:\/\/api.w.org\/{rel}","templated":true}]}}