{"id":3427,"date":"2014-02-13T06:43:30","date_gmt":"2014-02-13T06:43:30","guid":{"rendered":"http:\/\/saludsinaloa.gob.mx\/?p=3427"},"modified":"2018-06-13T15:49:07","modified_gmt":"2018-06-13T15:49:07","slug":"llama-la-ssa-a-participar-en-marcha-14-de-febrero-del-2014","status":"publish","type":"post","link":"https:\/\/saludsinaloa.gob.mx\/index.php\/2014\/02\/13\/llama-la-ssa-a-participar-en-marcha-14-de-febrero-del-2014\/","title":{"rendered":"LLAMA LA SSA A PARTICIPAR EN MARCHA. 14 de febrero del 2014"},"content":{"rendered":"<p><a href=\"http:\/\/wpress2.saludsinaloa.gob.mx\/wordpress\/wp-content\/uploads\/2017\/boletines\/15-02-2014 MARCHA DE LA LUCHA CONTRA EL CANCER INFANTIL.pdf\" target=\"_blank\" rel=\"noopener\">Descargar<\/a><\/p>\n<p>Viernes 14 de febrero de 2014<\/p>\n<p>LLAMA LA SSA A PARTICIPAR EN MARCHA<\/p>\n<p>*Se trata de la celebraci\u00f3n del D\u00eda Internacional de la Lucha Contra el C\u00e1ncer Infantil<\/p>\n<p>Culiac\u00e1n, Sin.- La Secretar\u00eda de Salud hace un exhorto a la poblaci\u00f3n en general a participar en la Marcha del \u201cD\u00eda Mundial de la Lucha contra el C\u00e1ncer Infantil\u201d, este s\u00e1bado 15 de febrero, a las 17:00 horas, iniciando desde la avenida \u00c1lvaro Obreg\u00f3n y Boulevard Emiliano Zapata, de esta ciudad.<\/p>\n<p>Por instrucciones del Secretario de Salud en Sinaloa, Ernesto Echeverr\u00eda Aispuro, se realizar\u00e1 esta actividad para concientizar a la poblaci\u00f3n de que la lucha contra el c\u00e1ncer es una responsabilidad compartida entre el Gobierno y la sociedad.<br \/>\nLa marcha concluir\u00e1 frente a Catedral con un festival musical amenizado por la concursante de la Voz M\u00e9xico, Carolina Ross e invitados especiales.<br \/>\nLos participantes portar\u00e1n durante el desfile, como distintivo el list\u00f3n dorado y globos.<br \/>\nCabe recordar que la Secretar\u00eda de Salud, desde el pasado 10 de febrero ha venido realizando una serie de actividades como parte de la Semana Nacional del Ni\u00f1o con C\u00e1ncer, como fue el \u201cTeatro de la Calle\u201d, en coordinaci\u00f3n con el ISIC (Instituto Sinaloense de la Cultura), la Exposici\u00f3n Fotogr\u00e1fica coordinada con la Fundaci\u00f3n \u201cYo Amo a Lety\u201d (Paseo del \u00c1ngel) y la Feria de la Salud (Explanada de la Unidad de Hemato-Oncolog\u00eda del Hospital Pedi\u00e1trico de Sinaloa.<br \/>\nLos organizadores del evento en menci\u00f3n, Dr. Filiberto Daniel S\u00e1nchez Bernal, Jefe del Departamento de Salud en la Infancia y la Adolescencia y la Dra. Carla Campos Beltr\u00e1n, Coordinadora del Programa de C\u00e1ncer en la Infancia y la Adolescencia de la SSA en Sinaloa, agregaron que estar\u00e1n presentes para atender cualquier duda e informaci\u00f3n que la poblaci\u00f3n en general requiera sobre este tema.<\/p>\n","protected":false},"excerpt":{"rendered":"<p>Descargar Viernes 14 de febrero de 2014 LLAMA LA SSA A PARTICIPAR EN MARCHA *Se trata de la celebraci\u00f3n del D\u00eda Internacional de la Lucha Contra el C\u00e1ncer Infantil Culiac\u00e1n, Sin.- La Secretar\u00eda de Salud hace un exhorto a la poblaci\u00f3n en general a participar en la Marcha del \u201cD\u00eda Mundial de la Lucha contra [&hellip;]<\/p>\n","protected":false},"author":1,"featured_media":0,"comment_status":"closed","ping_status":"open","sticky":false,"template":"","format":"standard","meta":{"footnotes":""},"categories":[4,3],"tags":[],"class_list":["post-3427","post","type-post","status-publish","format-standard","hentry","category-boletines-prensa","category-prensa"],"_links":{"self":[{"href":"https:\/\/saludsinaloa.gob.mx\/index.php\/wp-json\/wp\/v2\/posts\/3427","targetHints":{"allow":["GET"]}}],"collection":[{"href":"https:\/\/saludsinaloa.gob.mx\/index.php\/wp-json\/wp\/v2\/posts"}],"about":[{"href":"https:\/\/saludsinaloa.gob.mx\/index.php\/wp-json\/wp\/v2\/types\/post"}],"author":[{"embeddable":true,"href":"https:\/\/saludsinaloa.gob.mx\/index.php\/wp-json\/wp\/v2\/users\/1"}],"replies":[{"embeddable":true,"href":"https:\/\/saludsinaloa.gob.mx\/index.php\/wp-json\/wp\/v2\/comments?post=3427"}],"version-history":[{"count":1,"href":"https:\/\/saludsinaloa.gob.mx\/index.php\/wp-json\/wp\/v2\/posts\/3427\/revisions"}],"predecessor-version":[{"id":3428,"href":"https:\/\/saludsinaloa.gob.mx\/index.php\/wp-json\/wp\/v2\/posts\/3427\/revisions\/3428"}],"wp:attachment":[{"href":"https:\/\/saludsinaloa.gob.mx\/index.php\/wp-json\/wp\/v2\/media?parent=3427"}],"wp:term":[{"taxonomy":"category","embeddable":true,"href":"https:\/\/saludsinaloa.gob.mx\/index.php\/wp-json\/wp\/v2\/categories?post=3427"},{"taxonomy":"post_tag","embeddable":true,"href":"https:\/\/saludsinaloa.gob.mx\/index.php\/wp-json\/wp\/v2\/tags?post=3427"}],"curies":[{"name":"wp","href":"https:\/\/api.w.org\/{rel}","templated":true}]}}