{"id":3180,"date":"2013-10-13T06:44:29","date_gmt":"2013-10-13T06:44:29","guid":{"rendered":"http:\/\/saludsinaloa.gob.mx\/?p=3180"},"modified":"2018-06-05T18:48:15","modified_gmt":"2018-06-05T18:48:15","slug":"secretaria-de-salud-tomateros-y-plaza-forum-se-suman-a-la-campana-rosa-contra-cancer-de-mama-13-de-octubre-del-2013","status":"publish","type":"post","link":"https:\/\/saludsinaloa.gob.mx\/index.php\/2013\/10\/13\/secretaria-de-salud-tomateros-y-plaza-forum-se-suman-a-la-campana-rosa-contra-cancer-de-mama-13-de-octubre-del-2013\/","title":{"rendered":"SECRETAR\u00cdA DE SALUD, TOMATEROS Y PLAZA FORUM SE SUMAN A LA CAMPA\u00d1A ROSA CONTRA C\u00c1NCER DE MAMA 13 de octubre del 2013"},"content":{"rendered":"<p><a href=\"http:\/\/wpress2.saludsinaloa.gob.mx\/wordpress\/wp-content\/uploads\/2017\/boletines\/11-10-2013 SECRETARIA DE SALUD, TOMATEROS Y PLAZA FORUM LANZAN CAMPANA CONTRA CANCER DE MAMA.pdf\" target=\"_blank\" rel=\"noopener\">Descargar<\/a><\/p>\n<p>Culiac\u00e1n, Sinaloa a 11 de octubre del 2013<\/p>\n<p>SECRETAR\u00cdA DE SALUD, TOMATEROS Y PLAZA FORUM SE SUMAN A LA CAMPA\u00d1A ROSA CONTRA C\u00c1NCER DE MAMA<\/p>\n<p>El 80 por ciento de los casos se est\u00e1n detectando en etapas 3 y 4, donde el pron\u00f3stico de supervivencia para las mujeres disminuye.<\/p>\n<p>CULIAC\u00c1N, SIN.- Con la intenci\u00f3n de disminuir la incidencia de c\u00e1ncer en la mujer la Secretar\u00eda de Salud en Sinaloa en conjunto con los equipos profesionales de b\u00e9isbol de la Liga Mexicana del Pacifico se llevar\u00e1 a cabo en este mes la campa\u00f1a \u201cPonle un Out al C\u00e1ncer de Mama\u201d, dentro del marco del D\u00eda Mundial de la Lucha contra el C\u00e1ncer de Mama (19 de octubre), inform\u00f3 Ernesto Echeverr\u00eda Aipsuro, titular de salud en la entidad.<\/p>\n<p>Echeverr\u00eda Aipsuro, en conferencia de prensa detall\u00f3 que como es una tradici\u00f3n, la Liga Mexicana del Pacifico y en especial el Club de B\u00e9isbol Tomateros de Culiac\u00e1n han abrazado esta campa\u00f1a, sum\u00e1ndose incluso el Centro Comercial Forum Culiac\u00e1n con diversas actividades de prevenci\u00f3n y concientizaci\u00f3n sobre el c\u00e1ncer de la mujer.<br \/>\n\u201cHemos hecho una gran campa\u00f1a de prevenci\u00f3n a lo largo y ancho de Sinaloa, donde todav\u00eda se est\u00e1 detectando este padecimiento en etapas avanzadas\u201d.<br \/>\nEn cuanto a la estad\u00edstica, Echeverr\u00eda Aispuro mencion\u00f3 que casi el 80 por ciento de los casos se est\u00e1n detectando en etapas 3 y 4, donde el pron\u00f3stico de supervivencia disminuye.<br \/>\n\u201cLa idea es detectar los casos a tiempo a fin de poder tratarlos, donde se debe tener una conciencia de la importancia de la autoexploraci\u00f3n y la mastograf\u00eda\u201d.<br \/>\nDurante el 2012 coment\u00f3 que se registraron 335 casos nuevos de Cancer de mama, donde se presentaron en estad\u00edos 3 y 4, mientras que para el 2013 a la fecha se han presentado 274.<\/p>\n<p>Lament\u00f3 que durante el a\u00f1o pasado fallecieron 159 mujeres por efectos de esta neoplasia, mientras que en el presente calendario se han registrado 89 defunciones.<br \/>\nRevel\u00f3 que en conjunto con el DIF Sinaloa, la secretar\u00eda de Salud pone a disposici\u00f3n de los municipios las dos Unidades M\u00f3viles con Mastograf\u00edas, a fin de que las mujeres acudan a realizarse estos estudios a partir de los 40 a\u00f1os.<br \/>\nErnesto Echeverr\u00eda refiri\u00f3 que dentro de muy poco se pondr\u00e1 la primera piedra del primer Centro de Diagn\u00f3stico de Prevenci\u00f3n del C\u00e1ncer de Mama, mismo que se ubicar\u00e1 a un costado del Hospital de la Mujer.<br \/>\n\u201cEste ser\u00e1 un centro de alta tecnolog\u00eda, como parte de las inversiones que ha conseguido Mario L\u00f3pez Valdez, a fin de ampliar la cobertura en la atenci\u00f3n del c\u00e1ncer de mama\u201d.<br \/>\nVentura Burgos, Gerente de Mercadotecnia de Plaza F\u00f3rum Culiac\u00e1n, coment\u00f3 que el centro comercial llevar\u00e1 a cabo un festival musical el d\u00eda 19 de octubre en punto de las 3 de la tarde, donde adem\u00e1s se har\u00e1n estudios gratuitos a todas las mujeres que lo soliciten.<br \/>\nRaymundo Padilla, Gerente Deportivo de Tomateros de Culiac\u00e1n, dijo que el club siempre ha abrazado estas campa\u00f1as, gracias a que se han distinguido como una empresa socialmente responsable, donde buscan concientizar a las aficionadas sobre esta enfermedad.<br \/>\nRevel\u00f3 que la participaci\u00f3n del equipo ser\u00e1 jugando con una casaca de color rosa a fin de difundir la estrategia para el combate del padecimiento.<br \/>\nLino Rivera, manager del equipo, coment\u00f3 que esto eventos llega a muchos lugares con la promoci\u00f3n de las redes sociales, por ello la importancia de socializarlos para que las f\u00e9minas concienticen la prevenci\u00f3n de esta enfermedad.<br \/>\nEma Sandoval, refiri\u00f3 que la serie que participar\u00e1 el equipo est\u00e1 por definir con las autoridades sanitarias a fin de darle el realce que merece este campa\u00f1a, teniendo como meta que al final de la serie todas las playeras se subasten y lo recaudado sea entregado a una fundaci\u00f3n u organismo encaminado al combate y prevenci\u00f3n del c\u00e1ncer en la mujer.<br \/>\nPor \u00faltimo Ana Isabel Acosta Mendoza, responsable del programa de C\u00e1ncer en la Mujer, revel\u00f3 que dentro de este mes se intensificar\u00e1n las acciones de prevenci\u00f3n con un aumento en la detecci\u00f3n de casos.<br \/>\nAsegur\u00f3 que la secretar\u00eda de Salud cuenta con Mast\u00f3grafos en los Hospitales Generales de Los Mochis, Guasave, Guam\u00fachil, mientras que Culiac\u00e1n cuenta con tres en Centro de Salud Urbano de Culiac\u00e1n, Hospital Oncol\u00f3gico y Hospital de la Mujer, mientras que en el sur de Sinaloa se atiende Mazatl\u00e1n y Escuinapa, as\u00ed como las dos Unidades M\u00f3viles.<br \/>\nComent\u00f3 que la marcha se llevara a cabo con la idea de concientizar a la usuaria de la prevenci\u00f3n, misma que arrancar\u00e1 en punto de las 8 de la ma\u00f1ana el d\u00eda viernes 18 de octubre, desde la Lomita hasta el patio del Ayuntamiento de Culiac\u00e1n.<br \/>\nAdem\u00e1s, otra actividad que se presentar\u00e1 el 19 de octubre ser\u00e1 un Festival Musical en plaza F\u00f3rum, en punto de las 3 de la tarde.<br \/>\nPara finalizar, Ernesto Echeverr\u00eda coment\u00f3 que en Sinaloa no se bajar\u00e1 la guardia en las acciones que van encaminadas hacia la mujer pues la Salud es Tarea de Todos.<\/p>\n","protected":false},"excerpt":{"rendered":"<p>Descargar Culiac\u00e1n, Sinaloa a 11 de octubre del 2013 SECRETAR\u00cdA DE SALUD, TOMATEROS Y PLAZA FORUM SE SUMAN A LA CAMPA\u00d1A ROSA CONTRA C\u00c1NCER DE MAMA El 80 por ciento de los casos se est\u00e1n detectando en etapas 3 y 4, donde el pron\u00f3stico de supervivencia para las mujeres disminuye. CULIAC\u00c1N, SIN.- Con la intenci\u00f3n [&hellip;]<\/p>\n","protected":false},"author":1,"featured_media":0,"comment_status":"closed","ping_status":"open","sticky":false,"template":"","format":"standard","meta":{"footnotes":""},"categories":[4,3],"tags":[],"class_list":["post-3180","post","type-post","status-publish","format-standard","hentry","category-boletines-prensa","category-prensa"],"_links":{"self":[{"href":"https:\/\/saludsinaloa.gob.mx\/index.php\/wp-json\/wp\/v2\/posts\/3180","targetHints":{"allow":["GET"]}}],"collection":[{"href":"https:\/\/saludsinaloa.gob.mx\/index.php\/wp-json\/wp\/v2\/posts"}],"about":[{"href":"https:\/\/saludsinaloa.gob.mx\/index.php\/wp-json\/wp\/v2\/types\/post"}],"author":[{"embeddable":true,"href":"https:\/\/saludsinaloa.gob.mx\/index.php\/wp-json\/wp\/v2\/users\/1"}],"replies":[{"embeddable":true,"href":"https:\/\/saludsinaloa.gob.mx\/index.php\/wp-json\/wp\/v2\/comments?post=3180"}],"version-history":[{"count":1,"href":"https:\/\/saludsinaloa.gob.mx\/index.php\/wp-json\/wp\/v2\/posts\/3180\/revisions"}],"predecessor-version":[{"id":3181,"href":"https:\/\/saludsinaloa.gob.mx\/index.php\/wp-json\/wp\/v2\/posts\/3180\/revisions\/3181"}],"wp:attachment":[{"href":"https:\/\/saludsinaloa.gob.mx\/index.php\/wp-json\/wp\/v2\/media?parent=3180"}],"wp:term":[{"taxonomy":"category","embeddable":true,"href":"https:\/\/saludsinaloa.gob.mx\/index.php\/wp-json\/wp\/v2\/categories?post=3180"},{"taxonomy":"post_tag","embeddable":true,"href":"https:\/\/saludsinaloa.gob.mx\/index.php\/wp-json\/wp\/v2\/tags?post=3180"}],"curies":[{"name":"wp","href":"https:\/\/api.w.org\/{rel}","templated":true}]}}