{"id":2961,"date":"2018-05-30T18:03:12","date_gmt":"2018-05-30T18:03:12","guid":{"rendered":"http:\/\/saludsinaloa.gob.mx\/?p=2961"},"modified":"2018-05-30T18:03:12","modified_gmt":"2018-05-30T18:03:12","slug":"conmemoran-el-dia-mundial-sin-tabaco-30-de-mayo-del-2018","status":"publish","type":"post","link":"https:\/\/saludsinaloa.gob.mx\/index.php\/2018\/05\/30\/conmemoran-el-dia-mundial-sin-tabaco-30-de-mayo-del-2018\/","title":{"rendered":"CONMEMORAN EL D\u00cdA MUNDIAL SIN TABACO 30 de mayo del 2018"},"content":{"rendered":"<p><a href=\"http:\/\/saludsinaloa.gob.mx\/wp-content\/uploads\/2017\/boletines\/BOLETIN SSS, 30 MAYO 2018_ CONMEMORAN.pdf\" target=\"_blank\" rel=\"noopener\">Descargar<\/a><\/p>\n<p>&nbsp;<\/p>\n<p style=\"font-weight: 400;\"><strong>CONMEMORAN EL D\u00cdA MUNDIAL SIN TABACO<\/strong><\/p>\n<p style=\"font-weight: 400;\">\n<p style=\"font-weight: 400;\">*Secretario de Salud, Dr. Alfredo Rom\u00e1n Messina, encabeza marcha por la concientizaci\u00f3n de no fumar en sinaloa.<\/p>\n<p style=\"font-weight: 400;\">\n<p style=\"font-weight: 400;\">Esta ma\u00f1ana la Secretar\u00eda de Salud realiz\u00f3 la marcha para conmemorar el D\u00eda Mundial sin Tabaco a celebrarse el 31 de mayo, bajo el lema; \u201cEl Tabaco Rompe Corazones\u201d. En punto de las 8:00 horas de la ma\u00f1ana, autoridades del sector salud marcharon al pie de la lomita y hasta el H. Ayuntamiento de Culiac\u00e1n vestidos de blanco y con mensajes alusivos para crear conciencia en la poblaci\u00f3n sobre los da\u00f1os a la salud ocasionados por el humo del tabaco.<\/p>\n<p style=\"font-weight: 400;\">\n<p style=\"font-weight: 400;\">Durante su discurso, el titular de la Salud en Sinaloa, Dr. Alfredo Rom\u00e1n Messina, mencion\u00f3 que si bien Sinaloa se posiciona en sexto lugar a nivel nacional entre los estados que menos fuma, se trabaja de manera permanente en acciones preventivas que lidera la Comisi\u00f3n Estatal Para el Tratamiento y Control de las Adicciones CEPTCA para lograr m\u00e1s espacios libres de humo de tabaco.<\/p>\n<p style=\"font-weight: 400;\">\n<p style=\"font-weight: 400;\">Es as\u00ed que puntualiz\u00f3 que tan solo en este a\u00f1o CEPTCA ha logrado reconocer a m\u00e1s de 280 establecimientos tanto p\u00fablicos como privados, como lugares 100% libres de humo de tabaco, recalc\u00f3 que de esta manera se logra enviar un mensaje\u00a0\u00a0a la poblaci\u00f3n y crear conciencia sobre los riesgos de fumar.<\/p>\n<p style=\"font-weight: 400;\">\n<p style=\"font-weight: 400;\">\u201cEs una variedad de droga legal, hagamos todo lo posible porque el tabaco, el alcohol y todo lo que envenene a la ni\u00f1ez, adolescencia y el estado adulto del sinaloense, sea combatido frontalmente, no escatimemos esfuerzos, el c\u00e1ncer de pulm\u00f3n, de bronquios, de garganta, en general de v\u00edas respiratorias, de vejiga, las enfermedades por hipertensi\u00f3n, infarto cerebral, etc. Como bien lo dice un letrero el tabaco rompe corazones, es decir, el tabaco produce una gran cantidad de muertes y es probablemente la droga mas adictiva que se conozca dentro de uno de sus componentes \u00fanicamente que es la nicotina\u201d, expres\u00f3.<\/p>\n<p style=\"font-weight: 400;\">\n<p style=\"font-weight: 400;\">Cabe se\u00f1alar que en el marco del D\u00eda Mundial del Tabaco, toda la semana se realizar\u00e1n acciones preventivas como; talleres y pl\u00e1ticas en unidades m\u00e9dicas, UNEMES CAPAS y Centros de Rehabilitaci\u00f3n, adem\u00e1s de marchas y conferencias, con el objetivo de reducir el consumo del tabaco conocida como una droga legal altamente consumida en el pa\u00eds.<\/p>\n<p style=\"font-weight: 400;\">\n<p style=\"font-weight: 400;\">En la marcha y evento oficial, tambi\u00e9n estuvieron presentes, el Dr. H\u00e9ctor Alc\u00e1ntara Gomes, Subsecretario de Atenci\u00f3n M\u00e9dica; Lic. Ra\u00fal Dom\u00ednguez Garc\u00eda, Subsecretario de Servicios Administrativos; Dr. Eleno S\u00e1nchez Elizalde, Director Adjunto; Dr. Rafael F\u00e9lix Espinoza, Director de Prevenci\u00f3n y Promoci\u00f3n de la Salud; Dra. Ana Patricia Ortiz, Coordinadora de Salud Municipal, entre otras autoridades.<\/p>\n","protected":false},"excerpt":{"rendered":"<p>Descargar &nbsp; CONMEMORAN EL D\u00cdA MUNDIAL SIN TABACO *Secretario de Salud, Dr. Alfredo Rom\u00e1n Messina, encabeza marcha por la concientizaci\u00f3n de no fumar en sinaloa. Esta ma\u00f1ana la Secretar\u00eda de Salud realiz\u00f3 la marcha para conmemorar el D\u00eda Mundial sin Tabaco a celebrarse el 31 de mayo, bajo el lema; \u201cEl Tabaco Rompe Corazones\u201d. En [&hellip;]<\/p>\n","protected":false},"author":1,"featured_media":2964,"comment_status":"closed","ping_status":"open","sticky":false,"template":"","format":"standard","meta":{"footnotes":""},"categories":[4,3],"tags":[],"class_list":["post-2961","post","type-post","status-publish","format-standard","has-post-thumbnail","hentry","category-boletines-prensa","category-prensa"],"_links":{"self":[{"href":"https:\/\/saludsinaloa.gob.mx\/index.php\/wp-json\/wp\/v2\/posts\/2961","targetHints":{"allow":["GET"]}}],"collection":[{"href":"https:\/\/saludsinaloa.gob.mx\/index.php\/wp-json\/wp\/v2\/posts"}],"about":[{"href":"https:\/\/saludsinaloa.gob.mx\/index.php\/wp-json\/wp\/v2\/types\/post"}],"author":[{"embeddable":true,"href":"https:\/\/saludsinaloa.gob.mx\/index.php\/wp-json\/wp\/v2\/users\/1"}],"replies":[{"embeddable":true,"href":"https:\/\/saludsinaloa.gob.mx\/index.php\/wp-json\/wp\/v2\/comments?post=2961"}],"version-history":[{"count":1,"href":"https:\/\/saludsinaloa.gob.mx\/index.php\/wp-json\/wp\/v2\/posts\/2961\/revisions"}],"predecessor-version":[{"id":2965,"href":"https:\/\/saludsinaloa.gob.mx\/index.php\/wp-json\/wp\/v2\/posts\/2961\/revisions\/2965"}],"wp:featuredmedia":[{"embeddable":true,"href":"https:\/\/saludsinaloa.gob.mx\/index.php\/wp-json\/wp\/v2\/media\/2964"}],"wp:attachment":[{"href":"https:\/\/saludsinaloa.gob.mx\/index.php\/wp-json\/wp\/v2\/media?parent=2961"}],"wp:term":[{"taxonomy":"category","embeddable":true,"href":"https:\/\/saludsinaloa.gob.mx\/index.php\/wp-json\/wp\/v2\/categories?post=2961"},{"taxonomy":"post_tag","embeddable":true,"href":"https:\/\/saludsinaloa.gob.mx\/index.php\/wp-json\/wp\/v2\/tags?post=2961"}],"curies":[{"name":"wp","href":"https:\/\/api.w.org\/{rel}","templated":true}]}}