{"id":2956,"date":"2018-05-29T06:28:23","date_gmt":"2018-05-29T06:28:23","guid":{"rendered":"http:\/\/saludsinaloa.gob.mx\/?p=2956"},"modified":"2018-05-30T17:57:12","modified_gmt":"2018-05-30T17:57:12","slug":"inicia-segunda-semana-nacional-de-salud-en-sinaloa-29-de-mayo-del-2018","status":"publish","type":"post","link":"https:\/\/saludsinaloa.gob.mx\/index.php\/2018\/05\/29\/inicia-segunda-semana-nacional-de-salud-en-sinaloa-29-de-mayo-del-2018\/","title":{"rendered":"INICIA SEGUNDA SEMANA NACIONAL DE SALUD EN SINALOA 29 de mayo del 2018"},"content":{"rendered":"<p><a href=\"http:\/\/saludsinaloa.gob.mx\/wp-content\/uploads\/2017\/boletines\/29-05-2018 INICIA SEGUNDA SEMANA NACIONAL DE SALUD.pdf\" target=\"_blank\" rel=\"noopener\">Descargar<\/a><\/p>\n<p class=\"x_MsoNormal\" align=\"center\"><b>INICIA\u00a0SEGUNDA SEMANA NACIONAL DE SALUD EN SINALOA<\/b><\/p>\n<p class=\"x_MsoNormal\">*Del 28 de Mayo al 01 de junio se aplicar\u00e1n medio mill\u00f3n de vacunas y en el caso de Sinaloa las acciones de prevenci\u00f3n y promoci\u00f3n de la salud se ampliar\u00e1 a una semana m\u00e1s<\/p>\n<p>&nbsp;<\/p>\n<p class=\"x_MsoNormal\">Culiac\u00e1n, Sinaloa, 29 de mayo del 2018; Bajo el lema \u201cMientras t\u00fa los quieres, las vacunas los protegen\u201d, la Secretar\u00eda de Salud de Sinaloa, a trav\u00e9s de la Direcci\u00f3n de Prevenci\u00f3n y Promoci\u00f3n de la Salud, inici\u00f3 la Segunda Semana Nacional de Salud con un acto oficial\u00a0en la escuela Primaria Adolfo L\u00f3pez Mateo, ubicada en la colonia Bachigualato.<\/p>\n<p>&nbsp;<\/p>\n<p class=\"x_MsoNormal\">Esta semana de vacunacion y prevencion de la salud comenz\u00f3 de manera oficial el 28 de Mayo y concluir\u00e1 el 01 de Junio a nivel nacional, mientras que en el caso de Sinaloa se ampliar\u00e1 una semana para realizar m\u00e1s acciones de salud.<\/p>\n<p>&nbsp;<\/p>\n<p class=\"x_MsoNormal\">El titular de la Salud en el Estado, Dr. Alfredo Rom\u00e1n Messina, inform\u00f3 que\u00a0\u00a0\u00a0durante se aplicar\u00e1n m\u00e1s de medio mill\u00f3n de vacunas por todo lo largo y ancho del estado para complementar esquemas, entre las cuales destacn la\u00a0vacuna\u00a0contra el\u00a0\u00a0virus del papiloma humano para ni\u00f1as de 11 a\u00f1os.<\/p>\n<p>&nbsp;<\/p>\n<p class=\"x_MsoNormal\">\u201cEl enfoque de esta semana a nivel nacional es mucho m\u00e1s amplio que una simple vacunaci\u00f3n que ya es muy importante, es m\u00e1s ambicioso y abarca m\u00e1s medidas de prevenci\u00f3n y promoci\u00f3n de la salud, el se\u00f1or gobernador Quirino Ordaz Coppel nos ha instruido a todos nosotros en reforzar los esfuerzos en redoblar los esfuerzos para que los sinaloenses tengamos una mejor salud\u201d, expuso.<\/p>\n<p>&nbsp;<\/p>\n<p class=\"x_MsoNormal\">Destac\u00f3 que durante esta semana nacional de salud, se repartir\u00e1n sueros de vida oral para ni\u00f1os menores de 5 a\u00f1os de edad y adultos mayores de 60 a\u00f1os, adem\u00e1s se les proporcionar\u00e1 dosis de vitamina A para ni\u00f1os y adolescentes que tengan riesgos de contraer diarrea.<\/p>\n<p>&nbsp;<\/p>\n<p class=\"x_MsoNormal\">Inform\u00f3 que personal de la Salud\u00a0realizar\u00e1 450 mil pl\u00e1ticas a padres de familia sobre el uso adecuado de bactericidas y del lavado oportuno de manos, adem\u00e1s\u00a0se har\u00e1 una campa\u00f1a de desparasitaci\u00f3n para que enfermedades conocidas como lombrices sea erradicada en una sola toma de abendasol.<\/p>\n<p>&nbsp;<\/p>\n<p class=\"x_MsoNormal\">Asimismo, se visitar\u00e1n 6 mil 500 comunidades por parte de m\u00e1s de 6 mil brigadistas para cumplir con esta ardua tarea, adem\u00e1s de las 405 estaciones fijas para aplicar vacunas.<\/p>\n<p>&nbsp;<\/p>\n<p class=\"x_MsoNormal\">Por su parte, la Sra. Rosy Fuentes de Ordaz, Presidenta de DIF Sinaloa expres\u00f3: \u201cQueremos que nuestros ni\u00f1os de todo el pa\u00eds sigan con mucho entusiasmo estudiando y jugando, y que nosotros, todo el equipo involucrado estaremos trabajando fuertemente para que esta campa\u00f1a se desarrolle de la mejor manera\u201d.<\/p>\n<p>&nbsp;<\/p>\n<p class=\"x_MsoNormal\">Agreg\u00f3: \u201cde verdad queremos ese regalo de amor y de vida para nuestras ni\u00f1as y ni\u00f1os, no debemos bajar la guardia para que ning\u00fan infante se quede sin sus vacunas\u201d.<\/p>\n<p>&nbsp;<\/p>\n<p class=\"x_MsoNormal\">Explic\u00f3 que desde el DIF tambi\u00e9n se suman a esta campa\u00f1a con personal m\u00e9dico que estar\u00e1 recorriendo m\u00e1s de 25 colonias de Culiac\u00e1n para aplicar las vacunas. A su vez, comparti\u00f3 que en los 5 Centros de Desarrollo Integral de DIF tambi\u00e9n se cuentan con \u00e1reas de vacunaci\u00f3n de manera permanente.<\/p>\n<p>&nbsp;<\/p>\n<p class=\"x_MsoNormal\">Para finalizar felicit\u00f3 a la Secretar\u00eda de Salud, Secretar\u00eda de Educaci\u00f3n P\u00fablica y a todo el equipo m\u00e9dico por la coordinaci\u00f3n para la realizaci\u00f3n de esta semana.<\/p>\n<p>&nbsp;<\/p>\n<p class=\"x_MsoNormal\">Al acto protocolario tambi\u00e9n asistieron el Dr. H\u00e9ctor Alc\u00e1ntara Gomes, Subsecretario de Atenci\u00f3n M\u00e9dica; el Prof. Uladimir Valdez Pereznu\u00f1ez, Subsecretario de Educaci\u00f3n B\u00e1sica; Dra. Ana Patricia Ortiz C\u00e1rdenas, Coordinadora de Salud Municipal; Sra. Maybelline Urrea Casta\u00f1eda, Presidenta del Sistema DIF Culiac\u00e1n; Mtro. Norberto Miguel Ram\u00edrez, Delegado Estatal del IMSS; Profa. Yadira Lozano Figueroa, Directora de la Escuela Primaria Adolfo L\u00f3pez Mateos, entre otras autoridades.<\/p>\n<p>&nbsp;<\/p>\n<p class=\"textoNormal\">Fuente: Departamento de Comunicaci\u00f3n Social a Mayo del 2018<br \/>\nElabor\u00f3: Departamento de Comunicaci\u00f3n Social \u2013 SECRETAR\u00cdA DE SALUD DEL ESTADO DE SINALOA.<\/p>\n","protected":false},"excerpt":{"rendered":"<p>Descargar INICIA\u00a0SEGUNDA SEMANA NACIONAL DE SALUD EN SINALOA *Del 28 de Mayo al 01 de junio se aplicar\u00e1n medio mill\u00f3n de vacunas y en el caso de Sinaloa las acciones de prevenci\u00f3n y promoci\u00f3n de la salud se ampliar\u00e1 a una semana m\u00e1s &nbsp; Culiac\u00e1n, Sinaloa, 29 de mayo del 2018; Bajo el lema \u201cMientras [&hellip;]<\/p>\n","protected":false},"author":1,"featured_media":2957,"comment_status":"closed","ping_status":"open","sticky":false,"template":"","format":"standard","meta":{"footnotes":""},"categories":[4,3],"tags":[],"class_list":["post-2956","post","type-post","status-publish","format-standard","has-post-thumbnail","hentry","category-boletines-prensa","category-prensa"],"_links":{"self":[{"href":"https:\/\/saludsinaloa.gob.mx\/index.php\/wp-json\/wp\/v2\/posts\/2956","targetHints":{"allow":["GET"]}}],"collection":[{"href":"https:\/\/saludsinaloa.gob.mx\/index.php\/wp-json\/wp\/v2\/posts"}],"about":[{"href":"https:\/\/saludsinaloa.gob.mx\/index.php\/wp-json\/wp\/v2\/types\/post"}],"author":[{"embeddable":true,"href":"https:\/\/saludsinaloa.gob.mx\/index.php\/wp-json\/wp\/v2\/users\/1"}],"replies":[{"embeddable":true,"href":"https:\/\/saludsinaloa.gob.mx\/index.php\/wp-json\/wp\/v2\/comments?post=2956"}],"version-history":[{"count":2,"href":"https:\/\/saludsinaloa.gob.mx\/index.php\/wp-json\/wp\/v2\/posts\/2956\/revisions"}],"predecessor-version":[{"id":2962,"href":"https:\/\/saludsinaloa.gob.mx\/index.php\/wp-json\/wp\/v2\/posts\/2956\/revisions\/2962"}],"wp:featuredmedia":[{"embeddable":true,"href":"https:\/\/saludsinaloa.gob.mx\/index.php\/wp-json\/wp\/v2\/media\/2957"}],"wp:attachment":[{"href":"https:\/\/saludsinaloa.gob.mx\/index.php\/wp-json\/wp\/v2\/media?parent=2956"}],"wp:term":[{"taxonomy":"category","embeddable":true,"href":"https:\/\/saludsinaloa.gob.mx\/index.php\/wp-json\/wp\/v2\/categories?post=2956"},{"taxonomy":"post_tag","embeddable":true,"href":"https:\/\/saludsinaloa.gob.mx\/index.php\/wp-json\/wp\/v2\/tags?post=2956"}],"curies":[{"name":"wp","href":"https:\/\/api.w.org\/{rel}","templated":true}]}}