{"id":2899,"date":"2018-05-24T06:38:03","date_gmt":"2018-05-24T06:38:03","guid":{"rendered":"http:\/\/saludsinaloa.gob.mx\/?p=2899"},"modified":"2018-05-25T16:50:00","modified_gmt":"2018-05-25T16:50:00","slug":"sinaloa-en-sexto-lugar-entre-los-estados-que-menos-fuma-24-de-mayo-del-2018","status":"publish","type":"post","link":"https:\/\/saludsinaloa.gob.mx\/index.php\/2018\/05\/24\/sinaloa-en-sexto-lugar-entre-los-estados-que-menos-fuma-24-de-mayo-del-2018\/","title":{"rendered":"SINALOA EN SEXTO LUGAR ENTRE LOS ESTADOS  QUE MENOS FUMA 24 de mayo del 2018"},"content":{"rendered":"<p><a href=\"http:\/\/saludsinaloa.gob.mx\/wp-content\/uploads\/2017\/boletines\/24-05-2018 b SINALOA ENTRE LOS ESTADOS  QUE MENOS FUMA.pdf\" target=\"_blank\" rel=\"noopener\">Descargar<\/a><\/p>\n<p>SINALOA EN SEXTO LUGAR ENTRE LOS ESTADOS<\/p>\n<p>QUE MENOS FUMA<\/p>\n<p>*Secretar\u00eda de Salud de Sinaloa, anuncia actividades para conmemorar el D\u00eda Mundial sin Tabaco<\/p>\n<p>Culiac\u00e1n, Sinaloa, 24 de mayo del 2018; Bajo el lema \u201cEl Tabaco Rompe Corazones\u201d, la Secretar\u00eda de Salud de Sinaloa llevar\u00e1 al cabo acciones y actividades preventivas del 28 de mayo al 1 de junio, para conmemorar el D\u00eda Mundial sin Tabaco a celebrarse cada 31 de mayo.<\/p>\n<p>En conferencia de prensa, el Dr. Christian Aldo Mu\u00f1oz Madrid, Comisionado de la Comisi\u00f3n Estatal de Prevenci\u00f3n, Tratamiento y Control de las Adicciones (CEPTCA), inform\u00f3 que si bien Sinaloa se encuentra en el sexto lugar a nivel nacional entre los estados donde menos se fuma, la Secretar\u00eda de Salud trabaja de manera permanente para evitar este tipo de adicci\u00f3n entre la poblaci\u00f3n.<\/p>\n<p>\u201cEl tabaco como tal es una droga legal, que contiene alrededor de 4 mil 200 sustancias, de las cuales alrededor de 400 son cancer\u00edgenas y nos provocan diferentes enfermedades de las cuales son asociadas principalmente por el consumo de dicha droga\u201d, advirti\u00f3.<\/p>\n<p>Por su parte, el Ing. Jorge Alan Urbina Vidales, titular de la Comisi\u00f3n Estatal Para la Protecci\u00f3n Contra Riesgos Sanitarios (COEPRIS), detall\u00f3 que a la fecha en Sinaloa se ha logrado la acreditaci\u00f3n de \u201cEspacios 100% libres de humo de tabaco\u201d, en 209 establecimientos, desde espacios p\u00fablicos como privados.<\/p>\n<p>Agreg\u00f3 que tan solo en el 2017 se ten\u00eda como meta lograr acreditar 71 establecimientos y se rebas\u00f3 la meta al llegar a 100, por lo que se tiene la expectativa de mantener la cifra para este 2018.<\/p>\n<p>\u201cSe realiza promoci\u00f3n y fomento de espacios libres de humo de tabaco, para proteger la salud de trabajadores y usuarios de estos inmuebles, d\u00e1ndose el inter\u00e9s de los propietarios o autoridades del lugar, ser reconocidos como edificio 100% libres del humo de tabaco, convencidos de los beneficios que ofrecen los espacios libre de humo de tabaco\u201d, expres\u00f3.<\/p>\n<p>En tanto, el Dr. Juan Manuel Garc\u00eda D\u00edaz, representante de Prevenci\u00f3n y Control de Enfermedades de la Secretar\u00eda de Salud, record\u00f3 que el tabaco es una causa muy potente de enfermedades como; c\u00e1ncer de pulm\u00f3n, laringe, faringe, es\u00f3fago, vejiga, ri\u00f1\u00f3n y p\u00e1ncreas, pero adem\u00e1s se le asocia a otros como; c\u00e1ncer de est\u00f3mago, mama, h\u00edgado y cuello uterino, adem\u00e1s se le relaciona con enfermedades cardiovasculares.<\/p>\n<p>En el caso de Culiac\u00e1n, se realizar\u00e1 la marcha el pr\u00f3ximo mi\u00e9rcoles 30 de mayo desde la lomita a la catedral, mientras que en todo el estado se realizar\u00e1n diversas pl\u00e1ticas, conferencias y talleres en unidades m\u00e9dicas, UNEMES CAPAS y Centros de Rehabilitaci\u00f3n, todo ello para crear con ello conciencia en la poblaci\u00f3n de los da\u00f1os asociados por el consumo del tabaco.<\/p>\n<p>A la par, COEPRIS entregar\u00e1 alrededor de 20 reconocimientos como \u201cEspacios 100% libres de humo de tabaco\u201d para establecimientos que cumplen con la ley general.<\/p>\n<p>&nbsp;<\/p>\n<p class=\"textoNormal\">Fuente: Departamento de Comunicaci\u00f3n Social a Mayo del 2018<br \/>\nElabor\u00f3: Departamento de Comunicaci\u00f3n Social \u2013 SECRETAR\u00cdA DE SALUD DEL ESTADO DE SINALOA.<\/p>\n","protected":false},"excerpt":{"rendered":"<p>Descargar SINALOA EN SEXTO LUGAR ENTRE LOS ESTADOS QUE MENOS FUMA *Secretar\u00eda de Salud de Sinaloa, anuncia actividades para conmemorar el D\u00eda Mundial sin Tabaco Culiac\u00e1n, Sinaloa, 24 de mayo del 2018; Bajo el lema \u201cEl Tabaco Rompe Corazones\u201d, la Secretar\u00eda de Salud de Sinaloa llevar\u00e1 al cabo acciones y actividades preventivas del 28 de [&hellip;]<\/p>\n","protected":false},"author":1,"featured_media":2900,"comment_status":"closed","ping_status":"open","sticky":false,"template":"","format":"standard","meta":{"footnotes":""},"categories":[4,3],"tags":[],"class_list":["post-2899","post","type-post","status-publish","format-standard","has-post-thumbnail","hentry","category-boletines-prensa","category-prensa"],"_links":{"self":[{"href":"https:\/\/saludsinaloa.gob.mx\/index.php\/wp-json\/wp\/v2\/posts\/2899","targetHints":{"allow":["GET"]}}],"collection":[{"href":"https:\/\/saludsinaloa.gob.mx\/index.php\/wp-json\/wp\/v2\/posts"}],"about":[{"href":"https:\/\/saludsinaloa.gob.mx\/index.php\/wp-json\/wp\/v2\/types\/post"}],"author":[{"embeddable":true,"href":"https:\/\/saludsinaloa.gob.mx\/index.php\/wp-json\/wp\/v2\/users\/1"}],"replies":[{"embeddable":true,"href":"https:\/\/saludsinaloa.gob.mx\/index.php\/wp-json\/wp\/v2\/comments?post=2899"}],"version-history":[{"count":1,"href":"https:\/\/saludsinaloa.gob.mx\/index.php\/wp-json\/wp\/v2\/posts\/2899\/revisions"}],"predecessor-version":[{"id":2901,"href":"https:\/\/saludsinaloa.gob.mx\/index.php\/wp-json\/wp\/v2\/posts\/2899\/revisions\/2901"}],"wp:featuredmedia":[{"embeddable":true,"href":"https:\/\/saludsinaloa.gob.mx\/index.php\/wp-json\/wp\/v2\/media\/2900"}],"wp:attachment":[{"href":"https:\/\/saludsinaloa.gob.mx\/index.php\/wp-json\/wp\/v2\/media?parent=2899"}],"wp:term":[{"taxonomy":"category","embeddable":true,"href":"https:\/\/saludsinaloa.gob.mx\/index.php\/wp-json\/wp\/v2\/categories?post=2899"},{"taxonomy":"post_tag","embeddable":true,"href":"https:\/\/saludsinaloa.gob.mx\/index.php\/wp-json\/wp\/v2\/tags?post=2899"}],"curies":[{"name":"wp","href":"https:\/\/api.w.org\/{rel}","templated":true}]}}