{"id":2727,"date":"2018-05-14T06:15:25","date_gmt":"2018-05-14T06:15:25","guid":{"rendered":"http:\/\/saludsinaloa.gob.mx\/?p=2727"},"modified":"2018-05-17T17:41:51","modified_gmt":"2018-05-17T17:41:51","slug":"nombran-auditorio-del-hospital-general-de-culiacan-jesus-kumate-rodriguez-14-de-mayo-del-2018","status":"publish","type":"post","link":"https:\/\/saludsinaloa.gob.mx\/index.php\/2018\/05\/14\/nombran-auditorio-del-hospital-general-de-culiacan-jesus-kumate-rodriguez-14-de-mayo-del-2018\/","title":{"rendered":"NOMBRAN AUDITORIO DEL HOSPITAL GENERAL DE CULIAC\u00c1N JES\u00daS KUMATE RODR\u00cdGUEZ 14 de mayo del 2018"},"content":{"rendered":"<p><a href=\"http:\/\/saludsinaloa.gob.mx\/wp-content\/uploads\/2017\/boletines\/14-05-2018%20NOMBRAN%20AUDITORIO%20DEL%20HGC.pdf\" target=\"_blank\" rel=\"noopener\">Descargar<\/a><\/p>\n<p>&nbsp;<\/p>\n<p>NOMBRAN AUDITORIO DEL HOSPITAL GENERAL DE CULIAC\u00c1N JES\u00daS KUMATE RODR\u00cdGUEZ<\/p>\n<p>*En el marco del 28 aniversario de la fundaci\u00f3n del nosocomio, el Dr. Alfredo Rom\u00e1n Messina devel\u00f3 la placa en homenaje p\u00f3stumo al galeno sinaloense<\/p>\n<p>Culiac\u00e1n, Sinaloa. &#8211; Como un merecido homenaje el Secretario de Salud del Estado de Sinaloa, Dr. Alfredo Rom\u00e1n Messina, devel\u00f3 la placa que da el nombre de Jes\u00fas Kumate Rodr\u00edguez al Auditorio del Hospital General de Culiac\u00e1n.<\/p>\n<p>En un sencillo acto, el tambi\u00e9n Director de los Servicios de Salud de Sinaloa inform\u00f3 que este ser\u00eda el primero de muchos homenajes que el m\u00e9dico recibir\u00e1 en Sinaloa.<\/p>\n<p>\u201cEs un acto muy significativo que hoy honramos la memoria de insigne Maestro Jes\u00fas Kumate Rodr\u00edguez que paso a mejor vida, luego de una longeva y productiva estancia terrenal. Hoy nombraremos a este auditorio con el nombre del tambi\u00e9n maestro Jes\u00fas Kumate Rodr\u00edguez en homenaje p\u00f3stumo al mismo, luego se seguir\u00e1n las jornadas como cotidianamente se hacen, de tal manera que es un momento relevante, un momento importante para la larga historia de este Hospital\u201d, afirm\u00f3.<\/p>\n<p>Reiter\u00f3 el reconocimiento al tambi\u00e9n maestro de medicina, destacando que no solamente fue un hombre extraordinariamente capaz, cuya perseverancia transcendi\u00f3 y sus hechos trascendieron a su vida, sino que tambi\u00e9n fue ejemplo de vida.<\/p>\n<p>Durante su discurso destaco que se debelar\u00e1n placas pr\u00f3ximamente en el Hospital General de Los Mochis que lleva su nombre, as\u00ed como en el Hospital General de Mazatl\u00e1n y en el Hospital Pedi\u00e1trico de Sinaloa.<\/p>\n<p>Presentes durante el evento estuvieron presentes el Director del Hospital General de Culiac\u00e1n, Dr. Jorge Luis Zamudio, el Subsecretario de Atenci\u00f3n M\u00e9dica, Dr. H\u00e9ctor Alc\u00e1ntara G\u00f3mez, Director Adjunto de los Servicios de Salud, Dr. Eleno S\u00e1nchez Elizalde, as\u00ed como la directora de Calidad de la Atenci\u00f3n, Lic. Aleida Leticia Aceves Flores, entre otros invitados.<\/p>\n<p>Rom\u00e1n Messina, coment\u00f3 que el Sector Salud, siempre reconocer\u00e1 al Dr. Jes\u00fas Kumate Rodr\u00edguez y en cada oportunidad que se tenga se honrar\u00e1 su memoria, en el trabajo que d\u00eda a d\u00eda se hace en el sector salud, desde los cientos de nacimientos exitosos que se logran, el buen control en Dengue, Zika y Chikungunya, el control en el tabaquismo y el enorme labor en pro del sinaloense al margen del crecimiento en infraestructura, para lograr que la salud del sinaloense sea de mejor calidad y calidez.<\/p>\n<p class=\"textoNormal\">Fuente: Departamento de Comunicaci\u00f3n Social a Mayo del 2018<br \/>\nElabor\u00f3: Departamento de Comunicaci\u00f3n Social &#8211; SECRETAR\u00cdA DE SALUD DEL ESTADO DE SINALOA.<\/p>\n","protected":false},"excerpt":{"rendered":"<p>Descargar &nbsp; NOMBRAN AUDITORIO DEL HOSPITAL GENERAL DE CULIAC\u00c1N JES\u00daS KUMATE RODR\u00cdGUEZ *En el marco del 28 aniversario de la fundaci\u00f3n del nosocomio, el Dr. Alfredo Rom\u00e1n Messina devel\u00f3 la placa en homenaje p\u00f3stumo al galeno sinaloense Culiac\u00e1n, Sinaloa. &#8211; Como un merecido homenaje el Secretario de Salud del Estado de Sinaloa, Dr. Alfredo Rom\u00e1n [&hellip;]<\/p>\n","protected":false},"author":1,"featured_media":2729,"comment_status":"closed","ping_status":"open","sticky":false,"template":"","format":"standard","meta":{"footnotes":""},"categories":[4,3],"tags":[],"class_list":["post-2727","post","type-post","status-publish","format-standard","has-post-thumbnail","hentry","category-boletines-prensa","category-prensa"],"_links":{"self":[{"href":"https:\/\/saludsinaloa.gob.mx\/index.php\/wp-json\/wp\/v2\/posts\/2727","targetHints":{"allow":["GET"]}}],"collection":[{"href":"https:\/\/saludsinaloa.gob.mx\/index.php\/wp-json\/wp\/v2\/posts"}],"about":[{"href":"https:\/\/saludsinaloa.gob.mx\/index.php\/wp-json\/wp\/v2\/types\/post"}],"author":[{"embeddable":true,"href":"https:\/\/saludsinaloa.gob.mx\/index.php\/wp-json\/wp\/v2\/users\/1"}],"replies":[{"embeddable":true,"href":"https:\/\/saludsinaloa.gob.mx\/index.php\/wp-json\/wp\/v2\/comments?post=2727"}],"version-history":[{"count":2,"href":"https:\/\/saludsinaloa.gob.mx\/index.php\/wp-json\/wp\/v2\/posts\/2727\/revisions"}],"predecessor-version":[{"id":2731,"href":"https:\/\/saludsinaloa.gob.mx\/index.php\/wp-json\/wp\/v2\/posts\/2727\/revisions\/2731"}],"wp:featuredmedia":[{"embeddable":true,"href":"https:\/\/saludsinaloa.gob.mx\/index.php\/wp-json\/wp\/v2\/media\/2729"}],"wp:attachment":[{"href":"https:\/\/saludsinaloa.gob.mx\/index.php\/wp-json\/wp\/v2\/media?parent=2727"}],"wp:term":[{"taxonomy":"category","embeddable":true,"href":"https:\/\/saludsinaloa.gob.mx\/index.php\/wp-json\/wp\/v2\/categories?post=2727"},{"taxonomy":"post_tag","embeddable":true,"href":"https:\/\/saludsinaloa.gob.mx\/index.php\/wp-json\/wp\/v2\/tags?post=2727"}],"curies":[{"name":"wp","href":"https:\/\/api.w.org\/{rel}","templated":true}]}}