{"id":2542,"date":"2013-09-13T06:09:29","date_gmt":"2013-09-13T06:09:29","guid":{"rendered":"http:\/\/wpress2.saludsinaloa.gob.mx\/wordpress\/?p=2542"},"modified":"2018-05-15T20:53:08","modified_gmt":"2018-05-15T20:53:08","slug":"secretaria-de-salud-lleva-feria-de-la-salud-al-parque-bonfil-en-beneficio-de-los-pescadores-de-mazatlan-13-de-septiembre-del-2013","status":"publish","type":"post","link":"https:\/\/saludsinaloa.gob.mx\/index.php\/2013\/09\/13\/secretaria-de-salud-lleva-feria-de-la-salud-al-parque-bonfil-en-beneficio-de-los-pescadores-de-mazatlan-13-de-septiembre-del-2013\/","title":{"rendered":"SECRETAR\u00cdA DE SALUD LLEVA FERIA DE LA SALUD AL PARQUE BONFIL EN BENEFICIO DE LOS PESCADORES DE MAZATL\u00c1N. 13 de septiembre del 2013"},"content":{"rendered":"<p><a href=\"http:\/\/wpress2.saludsinaloa.gob.mx\/wordpress\/wp-content\/uploads\/2017\/boletines\/13-09-2013 FERIA DE LA SALUD MAZATLAN.pdf\" target=\"_blank\" rel=\"noopener\">Descargar<\/a><\/p>\n<p>Mazatl\u00e1n, Sinaloa a 13 de septiembre del 2013<\/p>\n<p>SECRETAR\u00cdA DE SALUD LLEVA FERIA DE LA SALUD AL PARQUE BONFIL EN BENEFICIO DE LOS PESCADORES DE MAZATL\u00c1N<\/p>\n<p>Las  Caravanas  de  la  Salud  se instalan  en  este  corredor  industrial donde se atendieron a m\u00e1s de 2 mil empleados del mar. <\/p>\n<p>MAZATL\u00c1N, SIN. -Dentro del marco del D\u00eda del Pescador, la Secretar\u00eda de  Salud  a  trav\u00e9s  del  Seguro  Popular  llev\u00f3  atenci\u00f3n m\u00e9dica  gratuita  a los empleados del mar en el parque Industrial Bonfil, donde se brindaron una  gama  de  acciones<br \/>\na  m\u00e1s  de  2  mil  asistentes,  inform\u00f3  Eva  Luz Cer\u00f3n Castro, Directora del Seguro Popular en Sinaloa.<br \/>\nCon  la  representaci\u00f3n  del  secretario  de  Salud, Ernesto  Echeverr\u00eda Aispuro,  la  titular  del  Seguro  Popular  en  Sinaloa  mencion\u00f3  que  la instrucci\u00f3n  siempre  ha  sido  la  de  acercar  los  servicios  de  atenci\u00f3n  a toda la poblaci\u00f3n que m\u00e1s los necesita.<br \/>\n\u201cEs por eso que hoy estamos acudiendo al llamado de  ustedes para ofrecer las diversas atenciones m\u00e9dicas que requieren\u201d.<br \/>\nResalt\u00f3 que los pescadores son un grupo muy importante en la actividad econ\u00f3mica de Sinaloa, por eso la preocupaci\u00f3n por atenderlos para que brinden el cien por ciento en su quehacer cotidiano en el mar, mostrando acciones  como  la  afiliaci\u00f3n  y  rea-filiaci\u00f3n  al  Seguro  Popular,  pues  con este se podr\u00e1n atender cualquier padecimiento en las Unidades M\u00e9dicas de la Secretar\u00eda de Salud.<br \/>\n\u201cEstamos  en  el  parque  Bonfil  con  la  \u00fanica  intenci\u00f3n  de  brindarles servicios  integrales  en  Salud,  queremos  proporcionarles  a  todas  las personas que no cuenten con seguridad social los beneficios del Seguro Popular,   y   as\u00ed   se   sientan   respaldados   en   caso   de   tener   alguna enfermedad, que vean y sientan que no est\u00e1n solos\u201d.<br \/>\nAsever\u00f3  que  la  m\u00edstica  del  presente  gobierno  en  Sinaloa  es  la  de  no escatimar  recursos  para  acercar  los  servicios de  Salud a  toda  la poblaci\u00f3n, por eso hoy se llev\u00f3 a cabo esta feria en Mazatl\u00e1n.<br \/>\nLa  Doctora  Cer\u00f3n  revel\u00f3  que  la  atenci\u00f3n  brindada  es  desde  Medicina General,  Cirug\u00eda,  Detecci\u00f3n  de  Enfermedades  Cr\u00f3nico  Degenerativas, Atenci\u00f3n a Enfermedades Cardiovasculares, Detecci\u00f3n de C\u00e1ncer en la Mujer,  Ant\u00edgeno  Prost\u00e1tico,  Obesidad-Sobrepeso,  as\u00ed  como  Afiliaci\u00f3n  y Re-afiliaci\u00f3n al Seguro Popular, entre otras acciones m\u00e1s.<br \/>\nPor  su  parte,  Aar\u00f3n  Montoya  Serrano,  Jefe  de  la  Jurisdicci\u00f3n  Sanitaria n\u00famero   3   en   el   estado,   mencion\u00f3   que   es   un   beneficio   para   los pescadores,  donde  la  Secretar\u00eda  de  Salud  ha  tomado  muy  en  cuenta  a este grupo vulnerable.<br \/>\nAsegur\u00f3  que  con  estas  acciones  de  atenci\u00f3n  m\u00e9dica  se  busca  que  la Secretar\u00eda   de   Salud   sea   la   primera   opci\u00f3n   de   atenci\u00f3n   para   los ciudadanos, pues su servicios siempre va encaminado a la calidad.<br \/>\nAgreg\u00f3 que todo este proyecto sit\u00faa a los ciudadanos en el centro de la promoci\u00f3n  y prevenci\u00f3n,  con  lo cual  se  fortalece  la  cultura  en  salud  y auto-cuidado, asumiendo estilos de vida m\u00e1s saludables.<br \/>\nAs\u00ed mismo Francisco Higuera Gonz\u00e1lez, pescador beneficiado reconoci\u00f3 su  agradecimiento  y  el  de  todos  los  trabajadores,  pues  ahora  se  ven m\u00e1s seguido  los  beneficios  que  el  gobierno  tiene  destinados  para  el sector.<br \/>\n\u201cLos que han organizado este evento, pues nos toman en cuenta con atenci\u00f3n m\u00e9dica para todos los pescadores y nuestras familias, nuestro agradecimiento a todas las autoridades\u201d.<br \/>\nFrancisco  Javier  Castillo  L\u00f3pez,  Administrados  del  Recinto  Portuario reconoci\u00f3  el  apoyo  importante,  pues  la  salud  debe  ser  un  servicio irrestricto para la gente del mar.<br \/>\nA\u00f1adi\u00f3  que  este  evento  es  sin\u00f3nimo  de  esfuerzo  y  de  trabajo,  ya  que conlleva   a   todos   los   involucrados   a   seguir   luchando   por   mejores condiciones de vida para los m\u00e1s de 4 mil pescadores de Mazatl\u00e1n.<br \/>\nHumberto  Becerra  Batista,  vicepresidente  de  la  C\u00e1mara  Nacional  de  la Industria  Pesquera  agreg\u00f3  que  al  sector  pesquero  no  se  le  ha  dado  la verdadera atenci\u00f3n que merece y en ese sentido se debe reconocer a la Secretar\u00eda de Salud por tomarlos en cuenta con este servicio de manera gratuita,  dejando de  lado  la  burocracia  y  las  pol\u00edticas  que  en  ocasiones hacen engorroso esta atenci\u00f3n.<br \/>\nPor  \u00faltimo,  Eva  Luz  Cer\u00f3n  Castro  culmin\u00f3 diciendo que en Sinaloa el Seguro Popular siempre estar\u00e1  al  pendiente  de  llevar  atenci\u00f3n  a  todos los  rincones  del  estado, sin  escatimar  los  esfuerzos  que  hayan  de presentarse, pues la Salud es Tarea de Todos.<\/p>\n","protected":false},"excerpt":{"rendered":"<p>Descargar Mazatl\u00e1n, Sinaloa a 13 de septiembre del 2013 SECRETAR\u00cdA DE SALUD LLEVA FERIA DE LA SALUD AL PARQUE BONFIL EN BENEFICIO DE LOS PESCADORES DE MAZATL\u00c1N Las Caravanas de la Salud se instalan en este corredor industrial donde se atendieron a m\u00e1s de 2 mil empleados del mar. MAZATL\u00c1N, SIN. -Dentro del marco del [&hellip;]<\/p>\n","protected":false},"author":1,"featured_media":0,"comment_status":"closed","ping_status":"open","sticky":false,"template":"","format":"standard","meta":{"footnotes":""},"categories":[4,3],"tags":[],"class_list":["post-2542","post","type-post","status-publish","format-standard","hentry","category-boletines-prensa","category-prensa"],"_links":{"self":[{"href":"https:\/\/saludsinaloa.gob.mx\/index.php\/wp-json\/wp\/v2\/posts\/2542","targetHints":{"allow":["GET"]}}],"collection":[{"href":"https:\/\/saludsinaloa.gob.mx\/index.php\/wp-json\/wp\/v2\/posts"}],"about":[{"href":"https:\/\/saludsinaloa.gob.mx\/index.php\/wp-json\/wp\/v2\/types\/post"}],"author":[{"embeddable":true,"href":"https:\/\/saludsinaloa.gob.mx\/index.php\/wp-json\/wp\/v2\/users\/1"}],"replies":[{"embeddable":true,"href":"https:\/\/saludsinaloa.gob.mx\/index.php\/wp-json\/wp\/v2\/comments?post=2542"}],"version-history":[{"count":2,"href":"https:\/\/saludsinaloa.gob.mx\/index.php\/wp-json\/wp\/v2\/posts\/2542\/revisions"}],"predecessor-version":[{"id":2546,"href":"https:\/\/saludsinaloa.gob.mx\/index.php\/wp-json\/wp\/v2\/posts\/2542\/revisions\/2546"}],"wp:attachment":[{"href":"https:\/\/saludsinaloa.gob.mx\/index.php\/wp-json\/wp\/v2\/media?parent=2542"}],"wp:term":[{"taxonomy":"category","embeddable":true,"href":"https:\/\/saludsinaloa.gob.mx\/index.php\/wp-json\/wp\/v2\/categories?post=2542"},{"taxonomy":"post_tag","embeddable":true,"href":"https:\/\/saludsinaloa.gob.mx\/index.php\/wp-json\/wp\/v2\/tags?post=2542"}],"curies":[{"name":"wp","href":"https:\/\/api.w.org\/{rel}","templated":true}]}}