{"id":2335,"date":"2018-04-17T06:00:02","date_gmt":"2018-04-17T06:00:02","guid":{"rendered":"http:\/\/wpress2.saludsinaloa.gob.mx\/wordpress\/?p=2335"},"modified":"2018-05-15T20:51:47","modified_gmt":"2018-05-15T20:51:47","slug":"personal-de-la-secretaria-de-salud-se-capacita-para-desempenarse-con-profesionalismo-y-calidad-17-de-abril-del-2018","status":"publish","type":"post","link":"https:\/\/saludsinaloa.gob.mx\/index.php\/2018\/04\/17\/personal-de-la-secretaria-de-salud-se-capacita-para-desempenarse-con-profesionalismo-y-calidad-17-de-abril-del-2018\/","title":{"rendered":"PERSONAL DE LA SECRETAR\u00cdA DE SALUD SE CAPACITA PARA DESEMPE\u00d1ARSE CON PROFESIONALISMO Y CALIDAD 17 de abril del 2018"},"content":{"rendered":"<p><a href=\"http:\/\/wpress2.saludsinaloa.gob.mx\/wordpress\/wp-content\/uploads\/2017\/boletines\/17-04-2018 PERSONAL DE SALUD SE CAPACITA.pdf\" target=\"_blank\" rel=\"noopener\">Descargar<\/a><\/p>\n<p>Personal de la Secretar\u00eda de Salud se capacita para desempe\u00f1arse con profesionalismo y calidad<\/p>\n<p>Culiac\u00e1n, Sinaloa.- La Comisi\u00f3n Estatal de Protecci\u00f3n Contra Riesgos Sanitarios de Sinaloa (COEPRISS), en coordinaci\u00f3n con la Secretar\u00eda de Salud \u2014a trav\u00e9s del \u00e1rea de Promoci\u00f3n de la Salud\u2014, participa en las jornadas de capacitaci\u00f3n interna, actualizaci\u00f3n y asesor\u00eda permanente, para que el personal tenga las herramientas necesarias para desempe\u00f1ar sus labores con profesionalismo, trato humano y calidad.<\/p>\n<p>Jorge Alan Urbina Vidales, titular de COEPRISS, inform\u00f3 que, en la \u00faltima jornada de Capacitaci\u00f3n de Promoci\u00f3n de la Salud, se concentraron 50 promotores de la zona sur, correspondiente a la Jurisdicci\u00f3n Sanitaria N\u00famero 6, impartiendo los cursos \u201cSeis Pasos de la Salud con Prevenci\u00f3n\u201d, \u201cVIH y Sexualidad\u201d, el \u201cFomento de la Actividad F\u00edsica\u201d, \u201cAlimentaci\u00f3n Correcta\u201d y el tema de \u201cEscuela y Salud\u201d.<\/p>\n<p>A estas jornadas debe asistir en su totalidad el personal de la COEPRISS, as\u00ed como de las diversas \u00e1reas de la Secretar\u00eda de Salud, ya que el programa de capacitaci\u00f3n es permanente y se realiza durante todo el a\u00f1o.<\/p>\n<p>La capacitaci\u00f3n, explic\u00f3 Urbina Vidales, tiene el prop\u00f3sito de tener un personal actualizado y preparado para otorgar a la poblaci\u00f3n una atenci\u00f3n de calidad y agreg\u00f3 que esta actividad permite detectar las necesidades de capacitaci\u00f3n del personal de manera permanente y consolidar v\u00ednculos con instituciones externas.<\/p>\n<p>\u201cUna actividad f\u00edsica constante y una alimentaci\u00f3n correcta son claves para una buena salud, y en estas jornadas de capacitaci\u00f3n se ha hecho \u00e9nfasis en la necesidad de cambiar estilos de vida en la poblaci\u00f3n sinaloense para mejorar su salud\u201d, concluy\u00f3 el titular de COEPRISS.<\/p>\n","protected":false},"excerpt":{"rendered":"<p>Descargar Personal de la Secretar\u00eda de Salud se capacita para desempe\u00f1arse con profesionalismo y calidad Culiac\u00e1n, Sinaloa.- La Comisi\u00f3n Estatal de Protecci\u00f3n Contra Riesgos Sanitarios de Sinaloa (COEPRISS), en coordinaci\u00f3n con la Secretar\u00eda de Salud \u2014a trav\u00e9s del \u00e1rea de Promoci\u00f3n de la Salud\u2014, participa en las jornadas de capacitaci\u00f3n interna, actualizaci\u00f3n y asesor\u00eda permanente, [&hellip;]<\/p>\n","protected":false},"author":1,"featured_media":2336,"comment_status":"closed","ping_status":"open","sticky":false,"template":"","format":"standard","meta":{"footnotes":""},"categories":[4,3],"tags":[],"class_list":["post-2335","post","type-post","status-publish","format-standard","has-post-thumbnail","hentry","category-boletines-prensa","category-prensa"],"_links":{"self":[{"href":"https:\/\/saludsinaloa.gob.mx\/index.php\/wp-json\/wp\/v2\/posts\/2335","targetHints":{"allow":["GET"]}}],"collection":[{"href":"https:\/\/saludsinaloa.gob.mx\/index.php\/wp-json\/wp\/v2\/posts"}],"about":[{"href":"https:\/\/saludsinaloa.gob.mx\/index.php\/wp-json\/wp\/v2\/types\/post"}],"author":[{"embeddable":true,"href":"https:\/\/saludsinaloa.gob.mx\/index.php\/wp-json\/wp\/v2\/users\/1"}],"replies":[{"embeddable":true,"href":"https:\/\/saludsinaloa.gob.mx\/index.php\/wp-json\/wp\/v2\/comments?post=2335"}],"version-history":[{"count":2,"href":"https:\/\/saludsinaloa.gob.mx\/index.php\/wp-json\/wp\/v2\/posts\/2335\/revisions"}],"predecessor-version":[{"id":2338,"href":"https:\/\/saludsinaloa.gob.mx\/index.php\/wp-json\/wp\/v2\/posts\/2335\/revisions\/2338"}],"wp:featuredmedia":[{"embeddable":true,"href":"https:\/\/saludsinaloa.gob.mx\/index.php\/wp-json\/wp\/v2\/media\/2336"}],"wp:attachment":[{"href":"https:\/\/saludsinaloa.gob.mx\/index.php\/wp-json\/wp\/v2\/media?parent=2335"}],"wp:term":[{"taxonomy":"category","embeddable":true,"href":"https:\/\/saludsinaloa.gob.mx\/index.php\/wp-json\/wp\/v2\/categories?post=2335"},{"taxonomy":"post_tag","embeddable":true,"href":"https:\/\/saludsinaloa.gob.mx\/index.php\/wp-json\/wp\/v2\/tags?post=2335"}],"curies":[{"name":"wp","href":"https:\/\/api.w.org\/{rel}","templated":true}]}}