{"id":2226,"date":"2018-03-13T05:42:28","date_gmt":"2018-03-13T05:42:28","guid":{"rendered":"http:\/\/wpress2.saludsinaloa.gob.mx\/wordpress\/?p=2226"},"modified":"2018-05-15T20:52:15","modified_gmt":"2018-05-15T20:52:15","slug":"arranca-semana-nacional-de-vacunacion-canina-y-felina-13-de-marzo-del-2018","status":"publish","type":"post","link":"https:\/\/saludsinaloa.gob.mx\/index.php\/2018\/03\/13\/arranca-semana-nacional-de-vacunacion-canina-y-felina-13-de-marzo-del-2018\/","title":{"rendered":"ARRANCA SEMANA NACIONAL DE VACUNACI\u00d3N CANINA Y FELINA 13 de marzo del 2018"},"content":{"rendered":"<p><a href=\"http:\/\/wpress2.saludsinaloa.gob.mx\/wordpress\/wp-content\/uploads\/2017\/boletines\/13-03-2018 SEMANA NACIONAL VACUNACION CANINA.pdf\" target=\"_blank\" rel=\"noopener\">Descargar<\/a><\/p>\n<p>Culiac\u00e1n, Sinaloa, 13 de marzo del 2018<\/p>\n<p>ARRANCA SEMANA NACIONAL DE VACUNACI\u00d3N CANINA Y FELINA<\/p>\n<p>*La Secretar\u00eda de Salud en Sinaloa tiene como meta aplicar 300 mil dosis para el 2018. El Estado tiene ya 23 a\u00f1os sin casos de rabia en animales de compa\u00f1\u00eda<\/p>\n<p>*Ser\u00e1n alrededor 3 mil brigadistas los que andar\u00e1n aplicando las dosis. La unidad m\u00f3vil se encontrar\u00e1 en la sindicatura de Costa Rica por dos semanas<\/p>\n<p>La Secretar\u00eda de Salud de Sinaloa, en coordinaci\u00f3n con el Ayuntamiento de Culiac\u00e1n y asociaciones civiles que apoyan al cuidado y bienestar de las mascotas como Huellitas con Causa IAP, dieron el inicio de la Semana Nacional de Vacunaci\u00f3n Canina y Felina, donde se tiene como meta para este a\u00f1o la aplicaci\u00f3n de 300 mil dosis.<\/p>\n<p>El Dr. Juan Carlos Navarro Guerrero, Subdirector de Prevenci\u00f3n y Promoci\u00f3n de la Salud, en representaci\u00f3n del Secretario de Salud en Sinaloa, Dr. Alfredo Rom\u00e1n Messina, inform\u00f3 que en el Estado se tiene ya 32 a\u00f1os sin rabia y 23 a\u00f1os tambi\u00e9n sin casos de rabia en animales de compa\u00f1\u00eda, no obstante enfatiz\u00f3 que la Secretar\u00eda de Salud, trabaja de manera ardua para eliminar este padecimiento, aunque se trate de una enfermedad que no se encuentre prevalente.<\/p>\n<p>\u201cRecordando que es una vacuna completamente efectiva, es una vacuna que se fabrica en Francia, tiene muy buenos est\u00e1ndares de calidad y es completamente gratuita, hay que pasar la voz a todos los jefes de colonia a que acudan a las unidades de salud. El Centro de Salud Urbano Culiac\u00e1n tiene personal para aplicar esta vacuna y en las coordinaciones de salud municipal tambi\u00e9n estar\u00e1n aplic\u00e1ndola, ac\u00e9rquense, es la mejor forma para poder no erradicar, sino eliminar la rabia sobre la faz de la tierra\u201d, manifest\u00f3.<\/p>\n<p>El Dr. Navarro, detall\u00f3 que los brigadistas acudir\u00e1n casa por casa, buscando a los animales de compa\u00f1\u00eda para realizar nuevos censos de poblaci\u00f3n canina y felina de esa comunidad, para de esta manera poder mejorar las metas que se tienen establecidas.<\/p>\n<p>Por su parte, la Dra. Ana Patricia Ortiz, Coordinadora de Salud Municipal, calific\u00f3 este programa como importante y prioritario, mencion\u00f3 que gracias a la unidad m\u00f3vil aportada por la Secretar\u00eda de Salud, se han logrado realizar hasta ahorita mil 200 cirug\u00edas (castraciones).<\/p>\n<p>\u201cEl implementar ahora la vacuna antirr\u00e1bica, ese servicio que estamos brindando, nos llena de satisfacci\u00f3n, porque vamos a prevenir una enfermedad que quiz\u00e1s este erradicada pero que puede presentarse en cualquier momento. La fauna silvestre puede tener la enfermedad pero vamos a evitar que llegue a nuestras mascotas que son perros y gatos\u201d, coment\u00f3.<\/p>\n<p>Cabe destacar que habr\u00e1 m\u00f3dulos de atenci\u00f3n en el Centro de Salud Urbano de Culiac\u00e1n y en la Facultad de Medicina Veterinaria, as\u00ed como la gira que realizar\u00e1 la unidad m\u00f3vil. En esta campa\u00f1a apoyar\u00e1n alrededor de 600 brigadistas y en la entidad m\u00e1s de 3 mil personas participar\u00e1n.<\/p>\n<p>Al evento inaugural, tambi\u00e9n acudieron el Dr. Eliseo Ruiz Monobe, Jefe de la Jurisdicci\u00f3n Zona Centro N\u00famero 4; el Dr. Carlos V\u00edctor Hern\u00e1ndez, Coordinador Estatal de Zoonosis; el Dr. Macondo Montoya, Jefe del Departamento de Vectores y Zoonosis; y la Ing. Lizbeth S\u00e1nchez Pay\u00e1n, representante de Huellitas con Causa IAP, entre otros invitados especiales.<\/p>\n","protected":false},"excerpt":{"rendered":"<p>Descargar Culiac\u00e1n, Sinaloa, 13 de marzo del 2018 ARRANCA SEMANA NACIONAL DE VACUNACI\u00d3N CANINA Y FELINA *La Secretar\u00eda de Salud en Sinaloa tiene como meta aplicar 300 mil dosis para el 2018. El Estado tiene ya 23 a\u00f1os sin casos de rabia en animales de compa\u00f1\u00eda *Ser\u00e1n alrededor 3 mil brigadistas los que andar\u00e1n aplicando [&hellip;]<\/p>\n","protected":false},"author":1,"featured_media":2227,"comment_status":"closed","ping_status":"open","sticky":false,"template":"","format":"standard","meta":{"footnotes":""},"categories":[4,3],"tags":[],"class_list":["post-2226","post","type-post","status-publish","format-standard","has-post-thumbnail","hentry","category-boletines-prensa","category-prensa"],"_links":{"self":[{"href":"https:\/\/saludsinaloa.gob.mx\/index.php\/wp-json\/wp\/v2\/posts\/2226","targetHints":{"allow":["GET"]}}],"collection":[{"href":"https:\/\/saludsinaloa.gob.mx\/index.php\/wp-json\/wp\/v2\/posts"}],"about":[{"href":"https:\/\/saludsinaloa.gob.mx\/index.php\/wp-json\/wp\/v2\/types\/post"}],"author":[{"embeddable":true,"href":"https:\/\/saludsinaloa.gob.mx\/index.php\/wp-json\/wp\/v2\/users\/1"}],"replies":[{"embeddable":true,"href":"https:\/\/saludsinaloa.gob.mx\/index.php\/wp-json\/wp\/v2\/comments?post=2226"}],"version-history":[{"count":1,"href":"https:\/\/saludsinaloa.gob.mx\/index.php\/wp-json\/wp\/v2\/posts\/2226\/revisions"}],"predecessor-version":[{"id":2228,"href":"https:\/\/saludsinaloa.gob.mx\/index.php\/wp-json\/wp\/v2\/posts\/2226\/revisions\/2228"}],"wp:featuredmedia":[{"embeddable":true,"href":"https:\/\/saludsinaloa.gob.mx\/index.php\/wp-json\/wp\/v2\/media\/2227"}],"wp:attachment":[{"href":"https:\/\/saludsinaloa.gob.mx\/index.php\/wp-json\/wp\/v2\/media?parent=2226"}],"wp:term":[{"taxonomy":"category","embeddable":true,"href":"https:\/\/saludsinaloa.gob.mx\/index.php\/wp-json\/wp\/v2\/categories?post=2226"},{"taxonomy":"post_tag","embeddable":true,"href":"https:\/\/saludsinaloa.gob.mx\/index.php\/wp-json\/wp\/v2\/tags?post=2226"}],"curies":[{"name":"wp","href":"https:\/\/api.w.org\/{rel}","templated":true}]}}