{"id":2167,"date":"2018-02-26T05:00:55","date_gmt":"2018-02-26T05:00:55","guid":{"rendered":"http:\/\/wpress2.saludsinaloa.gob.mx\/wordpress\/?p=2167"},"modified":"2018-05-15T20:52:36","modified_gmt":"2018-05-15T20:52:36","slug":"concluyen-residencia-medicos-del-hospital-general-de-culiacan-26-de-febrero-del-2018","status":"publish","type":"post","link":"https:\/\/saludsinaloa.gob.mx\/index.php\/2018\/02\/26\/concluyen-residencia-medicos-del-hospital-general-de-culiacan-26-de-febrero-del-2018\/","title":{"rendered":"CONCLUYEN RESIDENCIA M\u00c9DICOS DEL HOSPITAL GENERAL DE CULIAC\u00c1N 26 de febrero del 2018"},"content":{"rendered":"<p><a href=\"http:\/\/wpress2.saludsinaloa.gob.mx\/wordpress\/wp-content\/uploads\/2017\/boletines\/26-02-2018 CONCLUYEN RESIDENCIA MEDICOS DEL HGC.pdf\" target=\"_blank\" rel=\"noopener\">Descargar<\/a><\/p>\n<p>Culiac\u00e1n, Sinaloa, 26 de febrero del 2018<\/p>\n<p>CONCLUYEN RESIDENCIA M\u00c9DICOS DEL HOSPITAL GENERAL DE CULIAC\u00c1N<\/p>\n<p>*El Secretario de Salud preside ceremonia de graduaci\u00f3n de 15 m\u00e9dicos residentes en las especialidades: Anestesiolog\u00eda, Cirug\u00eda General, Medicina Interna y Pediatr\u00eda M\u00e9dica<\/p>\n<p>Como especialistas en Anestesiolog\u00eda, Cirug\u00eda General, Medicina Interna y Pediatr\u00eda M\u00e9dica, 15 m\u00e9dicos concluyeron su residencia en el Hospital General de Culiac\u00e1n, para ir a sumarse a las filas de especialidades que se requieren en el Estado y el pa\u00eds.<\/p>\n<p>El Secretario de Salud en Sinaloa, Dr. Alfredo Rom\u00e1n Messina, presidi\u00f3 la ceremonia de graduaci\u00f3n de los m\u00e9dicos residentes correspondientes a la Generaci\u00f3n 2018 \u201cDr. Marcial Ernesto Moreno Moller\u201d.<\/p>\n<p>\u201cEn la lucha por lograr una especialidad se generan grandes sacrificios principalmente familiares y sociales, sin embargo una vez que se logra el \u00e9xito, se obtiene una satisfacci\u00f3n que perdurar\u00e1 para toda la vida\u201d, indic\u00f3 el titular de salud en Sinaloa, a su vez que reconoci\u00f3 el esfuerzo de quienes culminaron un logro m\u00e1s que compartieron con sus familias ah\u00ed presentes.<\/p>\n<p>Es as\u00ed que se dijo orgulloso como representante del \u00e1rea de salud en Sinaloa, de los egresados que a\u00f1o con a\u00f1o concluyen su especialidad dentro de los servicios de salud y ser testigo de honor de todo ese esfuerzo.<\/p>\n<p>\u201cQuiero pedirles que recuerden, que el esfuerzo es de ustedes el sacrificio es de ustedes los graduados y el \u00e9xito es de ustedes, pero no podr\u00edan hacerlo sin el apoyo de muchos factores, principalmente sin el apoyo de la familia, todos ellos est\u00e1n haciendo un sacrificio por ustedes, no ser\u00eda posible tampoco sin la dedicaci\u00f3n y el esfuerzo de cada uno de los maestros\u201d, coment\u00f3.<\/p>\n<p>Rom\u00e1n Messina, agradeci\u00f3 el liderazgo del Dr. Jorge Zamudio Lerma, como Director del Hospital General Culiac\u00e1n, para que este nosocomio mantenga una serie de especialidades con nivel de excelencia, mismas especialidades que en los Servicios de Salud tiene el Hospital Civil Culiac\u00e1n, el Hospital de la Mujer y tambi\u00e9n el Hospital Pedi\u00e1trico de Sinaloa.<\/p>\n<p>Durante la Ceremonia de Graduaci\u00f3n, se hizo la entrega de reconocimientos a profesores titulares de residencia: Dra. Emma Gabriela Ur\u00edas Romo de Vivar, Anestesiolog\u00eda; Dr. Hermes Mois\u00e9s Malcampo Moreno, Cirug\u00eda General; Dr. Jos\u00e9 Ernesto de Gibes N\u00fa\u00f1ez, Medicina Interna; Dr. Carlos Enrique Rojas Mart\u00ednez, Pediatr\u00eda.<\/p>\n<p>As\u00ed como tambi\u00e9n, se realiz\u00f3 la develaci\u00f3n de la placa conmemorativa con los nombres de los egresados, a cargo del Secretario de Salud y del Dr. Jorge Alberto Zamudio Lerma.<\/p>\n<p>En la ceremonia de graduaci\u00f3n participaron tambi\u00e9n la Dra. Rosa Amelia Avenda\u00f1o Castro, Subdirectora de Ense\u00f1anza y Desarrollo Profesional, y el Dr. Alfredo Rubio Figueroa, representante de la Facultad de Medicina de la Universidad Aut\u00f3nomas de Sinaloa.<\/p>\n","protected":false},"excerpt":{"rendered":"<p>Descargar Culiac\u00e1n, Sinaloa, 26 de febrero del 2018 CONCLUYEN RESIDENCIA M\u00c9DICOS DEL HOSPITAL GENERAL DE CULIAC\u00c1N *El Secretario de Salud preside ceremonia de graduaci\u00f3n de 15 m\u00e9dicos residentes en las especialidades: Anestesiolog\u00eda, Cirug\u00eda General, Medicina Interna y Pediatr\u00eda M\u00e9dica Como especialistas en Anestesiolog\u00eda, Cirug\u00eda General, Medicina Interna y Pediatr\u00eda M\u00e9dica, 15 m\u00e9dicos concluyeron su residencia [&hellip;]<\/p>\n","protected":false},"author":1,"featured_media":2168,"comment_status":"closed","ping_status":"open","sticky":false,"template":"","format":"standard","meta":{"footnotes":""},"categories":[4,3],"tags":[],"class_list":["post-2167","post","type-post","status-publish","format-standard","has-post-thumbnail","hentry","category-boletines-prensa","category-prensa"],"_links":{"self":[{"href":"https:\/\/saludsinaloa.gob.mx\/index.php\/wp-json\/wp\/v2\/posts\/2167","targetHints":{"allow":["GET"]}}],"collection":[{"href":"https:\/\/saludsinaloa.gob.mx\/index.php\/wp-json\/wp\/v2\/posts"}],"about":[{"href":"https:\/\/saludsinaloa.gob.mx\/index.php\/wp-json\/wp\/v2\/types\/post"}],"author":[{"embeddable":true,"href":"https:\/\/saludsinaloa.gob.mx\/index.php\/wp-json\/wp\/v2\/users\/1"}],"replies":[{"embeddable":true,"href":"https:\/\/saludsinaloa.gob.mx\/index.php\/wp-json\/wp\/v2\/comments?post=2167"}],"version-history":[{"count":1,"href":"https:\/\/saludsinaloa.gob.mx\/index.php\/wp-json\/wp\/v2\/posts\/2167\/revisions"}],"predecessor-version":[{"id":2169,"href":"https:\/\/saludsinaloa.gob.mx\/index.php\/wp-json\/wp\/v2\/posts\/2167\/revisions\/2169"}],"wp:featuredmedia":[{"embeddable":true,"href":"https:\/\/saludsinaloa.gob.mx\/index.php\/wp-json\/wp\/v2\/media\/2168"}],"wp:attachment":[{"href":"https:\/\/saludsinaloa.gob.mx\/index.php\/wp-json\/wp\/v2\/media?parent=2167"}],"wp:term":[{"taxonomy":"category","embeddable":true,"href":"https:\/\/saludsinaloa.gob.mx\/index.php\/wp-json\/wp\/v2\/categories?post=2167"},{"taxonomy":"post_tag","embeddable":true,"href":"https:\/\/saludsinaloa.gob.mx\/index.php\/wp-json\/wp\/v2\/tags?post=2167"}],"curies":[{"name":"wp","href":"https:\/\/api.w.org\/{rel}","templated":true}]}}