{"id":2062,"date":"2018-01-10T05:00:54","date_gmt":"2018-01-10T05:00:54","guid":{"rendered":"http:\/\/wpress2.saludsinaloa.gob.mx\/wordpress\/?p=2062"},"modified":"2018-05-15T20:53:07","modified_gmt":"2018-05-15T20:53:07","slug":"dr-gamez-toma-protesta-como-director-del-hgm-10-de-enero-del-2018","status":"publish","type":"post","link":"https:\/\/saludsinaloa.gob.mx\/index.php\/2018\/01\/10\/dr-gamez-toma-protesta-como-director-del-hgm-10-de-enero-del-2018\/","title":{"rendered":"DR. GAMEZ TOMA PROTESTA COMO DIRECTOR DEL HGM 10 de enero del 2018"},"content":{"rendered":"<p><a href=\"http:\/\/wpress2.saludsinaloa.gob.mx\/wordpress\/wp-content\/uploads\/2017\/boletines\/10-01-2018 DR. GAMEZ TOMA PROTESTA COMO DIRECTOR DEL HGM.pdf\" target=\"_blank\" rel=\"noopener\">Descargar<\/a><\/p>\n<p>Culiac\u00e1n, Sinaloa, 10 de enero 2018<\/p>\n<p>DR. GABRIEL EDUARDO G\u00c1MEZ TOMA PROTESTA COMO DIRECTOR DEL HOSPITAL GENERAL DE LOS MOCHIS<\/p>\n<p>El Dr. Gabriel Eduardo G\u00e1mez Castro, rindi\u00f3 protesta como Director del Hospital General de Los Mochis, cargo que le fue conferido por el Dr. Alfredo Rom\u00e1n Messina, Secretario de Salud en Sinaloa.<\/p>\n<p>Ante el Dr. H\u00e9ctor Alc\u00e1ntara G\u00f3mez, Subsecretario de Atenci\u00f3n M\u00e9dica, acept\u00f3 el compromiso de trabajar en equipo para hacer de este hospital un referente en el norte del Estado, al comentar que el Hospital General de los Mochis ha crecido de manera importante en los \u00faltimos a\u00f1os.<\/p>\n<p>\u201cEl crecimiento que ha tenido en cuanto su poblaci\u00f3n demandante de salud es importante, tenemos mucha gente a quien atender, por lo tanto eso nos demanda m\u00e1s trabajo, m\u00e1s aporte de nuestros conocimientos como m\u00e9dicos y de todo el personal. Es un gran reto y oportunidad para demostrar que tengo puesta la camiseta desde siempre. Esperemos hacer buen equipo con la gente comprometida\u201d, agreg\u00f3.<\/p>\n<p>En el evento tambi\u00e9n estuvieron presentes el Dr. Javier Pe\u00f1uelas Cota, Director de Atenci\u00f3n M\u00e9dica; el Dr. Javier Salcido Castro, quien antecede el cargo; el Dr. Francisco Javier Ayala, Subdirector del turno matutino; y el Dr. Felipe Vel\u00e1zquez Zazueta, Jefe de la Jurisdicci\u00f3n Sanitaria 1. As\u00ed como la Jefa de Enfermeras, Mar\u00eda Altagracia Guerrero Mart\u00ednez, entre otros miembros del cuerpo m\u00e9dico.<\/p>\n","protected":false},"excerpt":{"rendered":"<p>Descargar Culiac\u00e1n, Sinaloa, 10 de enero 2018 DR. GABRIEL EDUARDO G\u00c1MEZ TOMA PROTESTA COMO DIRECTOR DEL HOSPITAL GENERAL DE LOS MOCHIS El Dr. Gabriel Eduardo G\u00e1mez Castro, rindi\u00f3 protesta como Director del Hospital General de Los Mochis, cargo que le fue conferido por el Dr. Alfredo Rom\u00e1n Messina, Secretario de Salud en Sinaloa. Ante el [&hellip;]<\/p>\n","protected":false},"author":1,"featured_media":2063,"comment_status":"closed","ping_status":"open","sticky":false,"template":"","format":"standard","meta":{"footnotes":""},"categories":[4,3],"tags":[],"class_list":["post-2062","post","type-post","status-publish","format-standard","has-post-thumbnail","hentry","category-boletines-prensa","category-prensa"],"_links":{"self":[{"href":"https:\/\/saludsinaloa.gob.mx\/index.php\/wp-json\/wp\/v2\/posts\/2062","targetHints":{"allow":["GET"]}}],"collection":[{"href":"https:\/\/saludsinaloa.gob.mx\/index.php\/wp-json\/wp\/v2\/posts"}],"about":[{"href":"https:\/\/saludsinaloa.gob.mx\/index.php\/wp-json\/wp\/v2\/types\/post"}],"author":[{"embeddable":true,"href":"https:\/\/saludsinaloa.gob.mx\/index.php\/wp-json\/wp\/v2\/users\/1"}],"replies":[{"embeddable":true,"href":"https:\/\/saludsinaloa.gob.mx\/index.php\/wp-json\/wp\/v2\/comments?post=2062"}],"version-history":[{"count":2,"href":"https:\/\/saludsinaloa.gob.mx\/index.php\/wp-json\/wp\/v2\/posts\/2062\/revisions"}],"predecessor-version":[{"id":2072,"href":"https:\/\/saludsinaloa.gob.mx\/index.php\/wp-json\/wp\/v2\/posts\/2062\/revisions\/2072"}],"wp:featuredmedia":[{"embeddable":true,"href":"https:\/\/saludsinaloa.gob.mx\/index.php\/wp-json\/wp\/v2\/media\/2063"}],"wp:attachment":[{"href":"https:\/\/saludsinaloa.gob.mx\/index.php\/wp-json\/wp\/v2\/media?parent=2062"}],"wp:term":[{"taxonomy":"category","embeddable":true,"href":"https:\/\/saludsinaloa.gob.mx\/index.php\/wp-json\/wp\/v2\/categories?post=2062"},{"taxonomy":"post_tag","embeddable":true,"href":"https:\/\/saludsinaloa.gob.mx\/index.php\/wp-json\/wp\/v2\/tags?post=2062"}],"curies":[{"name":"wp","href":"https:\/\/api.w.org\/{rel}","templated":true}]}}